{"id":22367,"date":"2012-10-28T02:58:52","date_gmt":"2012-10-28T02:58:52","guid":{"rendered":null},"modified":"-0001-11-30T00:00:00","modified_gmt":"-0001-11-30T00:00:00","slug":"nicaragua-reports-1146-affected-by-dengue-so-far-of-2012","status":"publish","type":"post","link":"https:\/\/www.best-dentist-dentistry.com\/de\/nicaragua-reports-1146-affected-by-dengue-so-far-of-2012\/22367","title":{"rendered":"nicaragua reports 1146 affected by dengue so far of 2012"},"content":{"rendered":"<p class=\"first\"> Managua, 20 Aug (EFE).-zumindest 1.146 Menschen sind betroffen von Dengue-Fieber so weit \u00fcber das Jahr in Nicaragua, berichtet heute die Gesundheitsbeh\u00f6rden, bekanntgegeben wurde einen nationalen Tag um eine Epidemie zu vermeiden.<\/p>\n<p>&#8220;Vom Januar bis zum 11. August&#8221; Vergangenheit &#8220;1.146 positive F\u00e4lle von Dengue-Fieber,&#8221; sagte auf einer Pressekonferenz der nicaraguanischen-Minister f\u00fcr Gesundheit, Sonia Castro.<\/p>\n<p>Die offizielle angegeben, dass die F\u00e4lle &#8220;nicht ernst&#8221;, &#8220;sind sie angenehm mild klinische Manifestation&#8221;.<\/p>\n<p>Castro erkl\u00e4rt nicht, wie viele Menschen durch klassische Variante der Krankheit angesteckt haben und wie viele durch die h\u00e4morrhagische, der gef\u00e4hrlichste.<\/p>\n<p>Die offizielle enth\u00fcllt diese Zahlen um zu verk\u00fcnden, da\u00df sie einen Tag von Pr\u00e4ventivma\u00dfnahmen zu bew\u00e4ltigen, die Reproduktion der Moskito Vektor der Krankheit, die &#8220;Aedes Aegypti&#8221;, die Brutgebiete befinden sich in Pf\u00fctzen von Wasser und hacken Tag umsetzen werden.<\/p>\n<p>Diesem Tag vor den Monaten des h\u00f6chsten Niederschl\u00e4ge in der Regenzeit, September und Oktober, umfassen desinfizieren und Brutst\u00e4tten f\u00fcr Moskitos in H\u00e4usern, zu zerst\u00f6ren, sagte er.<\/p>\n<p>-Dengue-Fieber ist eine akute Viruserkrankung, zeichnet sich durch hohes Fieber, starke Kopfschmerzen, Schmerzen in Muskeln, Erkrankungen des Magen-Darm-Trakt und Hautausschl\u00e4ge. EFE<\/p>\n","protected":false},"excerpt":{"rendered":"<p>Managua, 20 Aug (EFE).-zumindest 1.146 Menschen sind betroffen von Dengue-Fieber so weit \u00fcber das Jahr in Nicaragua, berichtet heute die Gesundheitsbeh\u00f6rden, bekanntgegeben wurde einen nationalen Tag um eine Epidemie zu vermeiden. &#8220;Vom Januar bis zum 11. August&#8221; Vergangenheit &#8220;1.146 positive F\u00e4lle von Dengue-Fieber,&#8221; sagte auf einer Pressekonferenz der nicaraguanischen-Minister f\u00fcr Gesundheit, Sonia Castro. Die offizielle [&hellip;]<\/p>\n","protected":false},"author":1,"featured_media":0,"comment_status":"close","ping_status":"open","sticky":false,"template":"","format":"standard","meta":{"footnotes":""},"categories":[3],"tags":[],"class_list":["post-22367","post","type-post","status-publish","format-standard","hentry","category-allgemeine","et-doesnt-have-format-content","et_post_format-et-post-format-standard"],"_links":{"self":[{"href":"https:\/\/www.best-dentist-dentistry.com\/de\/wp-json\/wp\/v2\/posts\/22367","targetHints":{"allow":["GET"]}}],"collection":[{"href":"https:\/\/www.best-dentist-dentistry.com\/de\/wp-json\/wp\/v2\/posts"}],"about":[{"href":"https:\/\/www.best-dentist-dentistry.com\/de\/wp-json\/wp\/v2\/types\/post"}],"author":[{"embeddable":true,"href":"https:\/\/www.best-dentist-dentistry.com\/de\/wp-json\/wp\/v2\/users\/1"}],"replies":[{"embeddable":true,"href":"https:\/\/www.best-dentist-dentistry.com\/de\/wp-json\/wp\/v2\/comments?post=22367"}],"version-history":[{"count":0,"href":"https:\/\/www.best-dentist-dentistry.com\/de\/wp-json\/wp\/v2\/posts\/22367\/revisions"}],"wp:attachment":[{"href":"https:\/\/www.best-dentist-dentistry.com\/de\/wp-json\/wp\/v2\/media?parent=22367"}],"wp:term":[{"taxonomy":"category","embeddable":true,"href":"https:\/\/www.best-dentist-dentistry.com\/de\/wp-json\/wp\/v2\/categories?post=22367"},{"taxonomy":"post_tag","embeddable":true,"href":"https:\/\/www.best-dentist-dentistry.com\/de\/wp-json\/wp\/v2\/tags?post=22367"}],"curies":[{"name":"wp","href":"https:\/\/api.w.org\/{rel}","templated":true}]}}