{"id":22386,"date":"2012-10-28T03:01:37","date_gmt":"2012-10-28T03:01:37","guid":{"rendered":null},"modified":"-0001-11-30T00:00:00","modified_gmt":"-0001-11-30T00:00:00","slug":"queen-congratulates-proyecto-hombre-balearic-islands-for-its-work-on-25th-anniversary","status":"publish","type":"post","link":"https:\/\/www.best-dentist-dentistry.com\/de\/queen-congratulates-proyecto-hombre-balearic-islands-for-its-work-on-25th-anniversary\/22386","title":{"rendered":"queen congratulates proyecto hombre balearic islands for its work on 25th anniversary"},"content":{"rendered":"<p class=\"first\"> Palma de Mallorca, 30 Aug (EFE).-die K\u00f6nigin-Sofia hat gratuliert Proyecto Hombre Balearen durch die Arbeit von bildet ein Viertel eines Jahrhunderts auf sein 25-j\u00e4hriges Jubil\u00e4um, das heute in der neuen Zentrale der Entit\u00e4t in Palma abgehalten wurde und die die Nachteile eines Sturms gekennzeichnet worden ist.<\/p>\n<p>The Queen hat darauf bestanden, zur Teilnahme an die Feier des Jubil\u00e4ums in neuen Installationen von Proyecto Hombre im Polygon sind Morro in Palma, w\u00e4hrend sich bereit, durch ausgesetzt werden der starke Sturm, der gefallen ist hat verursacht, dass Teilnehmer den Platz verlassen musste und das Soundsystem besch\u00e4digt.<\/p>\n<p>Trotz dieser Nachteil Sof\u00eda ein paar Minuten auf dem Podium zu sagen ein paar Worte, die diejenigen, die in der Institution zu arbeiten, die Menschen mit Problemen von Alkohol und anderen Drogen durch &#8220;hohe ideale&#8221; des Projekts rehabilitiert gratuliert hat hochgeladen hat und &#8220;so gut&#8221; hat und weiterhin viele Menschen zur Verf\u00fcgung zu stellen.<\/p>\n<p>Hat dankte die Institutionen, \u00f6ffentliche und private Unterst\u00fctzer Mann projizieren, so dass sie ihre Arbeit fortsetzen kann.<\/p>\n<p>&#8220;Erhalten alle mehr Ermutigung und die besten W\u00fcnsche mit Nachdruck vorw\u00e4rts, weiter, weil ich bin sicher mir, die erwarten, dass sie Erfolg,&#8221; sagte die K\u00f6nigin.<\/p>\n","protected":false},"excerpt":{"rendered":"<p>Palma de Mallorca, 30 Aug (EFE).-die K\u00f6nigin-Sofia hat gratuliert Proyecto Hombre Balearen durch die Arbeit von bildet ein Viertel eines Jahrhunderts auf sein 25-j\u00e4hriges Jubil\u00e4um, das heute in der neuen Zentrale der Entit\u00e4t in Palma abgehalten wurde und die die Nachteile eines Sturms gekennzeichnet worden ist. The Queen hat darauf bestanden, zur Teilnahme an die [&hellip;]<\/p>\n","protected":false},"author":1,"featured_media":0,"comment_status":"close","ping_status":"open","sticky":false,"template":"","format":"standard","meta":{"footnotes":""},"categories":[3],"tags":[],"class_list":["post-22386","post","type-post","status-publish","format-standard","hentry","category-allgemeine","et-doesnt-have-format-content","et_post_format-et-post-format-standard"],"_links":{"self":[{"href":"https:\/\/www.best-dentist-dentistry.com\/de\/wp-json\/wp\/v2\/posts\/22386","targetHints":{"allow":["GET"]}}],"collection":[{"href":"https:\/\/www.best-dentist-dentistry.com\/de\/wp-json\/wp\/v2\/posts"}],"about":[{"href":"https:\/\/www.best-dentist-dentistry.com\/de\/wp-json\/wp\/v2\/types\/post"}],"author":[{"embeddable":true,"href":"https:\/\/www.best-dentist-dentistry.com\/de\/wp-json\/wp\/v2\/users\/1"}],"replies":[{"embeddable":true,"href":"https:\/\/www.best-dentist-dentistry.com\/de\/wp-json\/wp\/v2\/comments?post=22386"}],"version-history":[{"count":0,"href":"https:\/\/www.best-dentist-dentistry.com\/de\/wp-json\/wp\/v2\/posts\/22386\/revisions"}],"wp:attachment":[{"href":"https:\/\/www.best-dentist-dentistry.com\/de\/wp-json\/wp\/v2\/media?parent=22386"}],"wp:term":[{"taxonomy":"category","embeddable":true,"href":"https:\/\/www.best-dentist-dentistry.com\/de\/wp-json\/wp\/v2\/categories?post=22386"},{"taxonomy":"post_tag","embeddable":true,"href":"https:\/\/www.best-dentist-dentistry.com\/de\/wp-json\/wp\/v2\/tags?post=22386"}],"curies":[{"name":"wp","href":"https:\/\/api.w.org\/{rel}","templated":true}]}}