{"id":22471,"date":"2012-10-29T02:33:07","date_gmt":"2012-10-29T02:33:07","guid":{"rendered":null},"modified":"-0001-11-30T00:00:00","modified_gmt":"-0001-11-30T00:00:00","slug":"thousands-of-spaniards-march-against-austerity-on-may-1","status":"publish","type":"post","link":"https:\/\/www.best-dentist-dentistry.com\/de\/thousands-of-spaniards-march-against-austerity-on-may-1\/22471","title":{"rendered":"thousands of spaniards march against austerity on may 1"},"content":{"rendered":"<p class=\"first\"> MADRID (Reuters) &#8211; Tausende Spanier gingen auf die Stra\u00dfe Sonntag protestieren gegen die K\u00fcrzungen und Sparma\u00dfnahmen Plan, die die spanische Regierung verteidigt, als der einzige Ausweg aus der Krise und die Rezession, die zu Arbeitslosigkeit mehr als 5,5 Millionen Menschen gef\u00fchrt hat.<\/p>\n<p>&#8220;In 80 <span class=\"yshortcuts\"id=\"lw_1335874932_6\"> St\u00e4dten in Spanien<\/span> fast 1 Million Arbeitnehmer sind auf den Stra\u00dfen, die nicht zu einem Verst\u00e4ndnis sozialer Beziehungen zu sagen&#8221;, sagte Ignacio Fernandez-Toxo, Generalsekret\u00e4r der CCOO, Madrids Puerta del Sol am Ende die Manifestation von UGT und CCOO. Licerada<\/p>\n<p>Beide F\u00fchrer verk\u00fcndet neue Mobilisierungen gegen die Krise wird eine Gelegenheit, das soziale Wohlfahrt-Modell zu zerst\u00f6ren, aber erw\u00e4hnt nicht die M\u00f6glichkeit der Einberufung einer anderen Generalstreik.<\/p>\n<p>&#8220;War nicht der letzte Tag (29. M\u00e4rz), am 1. Mai ist nicht das Ende.&#8221; &#8220;Wir lassen die Stra\u00dfen bis diese \u00c4nderung&#8221;, sagte der F\u00fchrer der Comisiones Obreras. &#8220;Es wird nicht erreichen, da die Staatsangeh\u00f6rigkeit dieses Landes immer mehr bewusst, was geschieht,&#8221; hinzugef\u00fcgt.<\/p>\n<p>Eine gro\u00dfe B\u00fcrgerschaft forderte eine intermittierende Regen und einer langen Br\u00fccke zwei Feiertage in Madrid und, wie Sonntag, die Demonstrationen schien weniger zahlreiche diejenigen, die letzten Monat anl\u00e4sslich der Generalstreik, nahm er auf die Stra\u00dfe um Hunderttausende von B\u00fcrgern gegen die j\u00fcngste Reform der Arbeit, die die Entlassung senkt.<\/p>\n<p>Laut den Gewerkschaften in Madrid in 1 \u00b0 Mai rund 100.000 Menschen und in allen Spanien fast 1 Million B\u00fcrger, Polizei Figuren, die nicht best\u00e4tigt werden konnte, mit Quellen von.<\/p>\n<p>&#8220;Normalerweise wir nicht M\u00e4rz, aber in diesem Jahr mit allen Schnitten, wir f\u00fchlen was zu protestieren.&#8221; &#8220;Ich arbeite in der Gemeinschaft von Madrid, und wir sehen viele Entlassungen, l\u00e4ngere Arbeitszeiten und weniger Lohn&#8221; Sieg Helm, 54, der Nachrichtenagentur Reuters im Zentrum von Madrid.<\/p>\n<p>Am Sonntag, Rajoy verteidigte seine Reformagenda als wesentlich f\u00fcr das Land der tiefen wirtschaftlichen Krise zu bew\u00e4ltigen, und k\u00fcndigte die Fortf\u00fchrung Genehmigung jeden Freitag neuen Ma\u00dfnahmen um das Land auf den Weg des Wachstums zur\u00fcckkehren.<\/p>\n<p>The Executive hat k\u00fcrzlich vorgeschlagen, 10 Milliarden Euro einzusparen, im Bildungs- und Gesundheitswesen in ihren Bem\u00fchungen um eine drastische nachzukommen Schneiden des \u00f6ffentlichen Defizits auf 8,5 % des BIP in 2011 auf 3,0 Prozent im Jahr 2013, von der EU auferlegten Ziele zu erreichen.<\/p>\n","protected":false},"excerpt":{"rendered":"<p>MADRID (Reuters) &#8211; Tausende Spanier gingen auf die Stra\u00dfe Sonntag protestieren gegen die K\u00fcrzungen und Sparma\u00dfnahmen Plan, die die spanische Regierung verteidigt, als der einzige Ausweg aus der Krise und die Rezession, die zu Arbeitslosigkeit mehr als 5,5 Millionen Menschen gef\u00fchrt hat. &#8220;In 80 St\u00e4dten in Spanien fast 1 Million Arbeitnehmer sind auf den Stra\u00dfen, [&hellip;]<\/p>\n","protected":false},"author":1,"featured_media":0,"comment_status":"close","ping_status":"open","sticky":false,"template":"","format":"standard","meta":{"footnotes":""},"categories":[3],"tags":[],"class_list":["post-22471","post","type-post","status-publish","format-standard","hentry","category-allgemeine","et-doesnt-have-format-content","et_post_format-et-post-format-standard"],"_links":{"self":[{"href":"https:\/\/www.best-dentist-dentistry.com\/de\/wp-json\/wp\/v2\/posts\/22471","targetHints":{"allow":["GET"]}}],"collection":[{"href":"https:\/\/www.best-dentist-dentistry.com\/de\/wp-json\/wp\/v2\/posts"}],"about":[{"href":"https:\/\/www.best-dentist-dentistry.com\/de\/wp-json\/wp\/v2\/types\/post"}],"author":[{"embeddable":true,"href":"https:\/\/www.best-dentist-dentistry.com\/de\/wp-json\/wp\/v2\/users\/1"}],"replies":[{"embeddable":true,"href":"https:\/\/www.best-dentist-dentistry.com\/de\/wp-json\/wp\/v2\/comments?post=22471"}],"version-history":[{"count":0,"href":"https:\/\/www.best-dentist-dentistry.com\/de\/wp-json\/wp\/v2\/posts\/22471\/revisions"}],"wp:attachment":[{"href":"https:\/\/www.best-dentist-dentistry.com\/de\/wp-json\/wp\/v2\/media?parent=22471"}],"wp:term":[{"taxonomy":"category","embeddable":true,"href":"https:\/\/www.best-dentist-dentistry.com\/de\/wp-json\/wp\/v2\/categories?post=22471"},{"taxonomy":"post_tag","embeddable":true,"href":"https:\/\/www.best-dentist-dentistry.com\/de\/wp-json\/wp\/v2\/tags?post=22471"}],"curies":[{"name":"wp","href":"https:\/\/api.w.org\/{rel}","templated":true}]}}