{"id":2249,"date":"2014-10-28T23:08:06","date_gmt":"2014-10-28T23:08:06","guid":{"rendered":null},"modified":"2014-10-28T23:08:06","modified_gmt":"2014-10-28T23:08:06","slug":"cocemfe-calls-for-state-regulation-of-social-services","status":"publish","type":"post","link":"https:\/\/www.best-dentist-dentistry.com\/de\/cocemfe-calls-for-state-regulation-of-social-services\/2249","title":{"rendered":"COCEMFE fordert staatliche Regulierung der Sozialdienstleistungen."},"content":{"rendered":"<p><strong>COCEMFE fordert staatliche Regulierung der Dienste sozialen. <\/p>\n<p><\/strong> <font size=\"2\"> <strong>Wahlen allgemeine 20N.<\/strong> <\/p>\n<p>-Die Eidgenossenschaft fordert die Verabschiedung eines Gesetzes der Garantie der Rechte und Sozialdienste nationalen <\/p>\n<p>-vermeiden Ungleichheiten, die aus der aktuellen Dezentralisierung <\/p>\n<p>-die Sozialdienste haben bisher nicht Reihe von rechten <\/p>\n<p> <strong>Madrid, November 2011 &#8211;<\/strong> Spanisch Bund von Menschen mit Behinderung und organischen (COCEMFE) fordert die politische Kraft, die gew\u00e4hlt in den n\u00e4chsten allgemeinen Wahlen im November 20, die Verabschiedung eines Gesetzes Garantie der Rechte und soziale Dienstleistungen im gesamten Staatsgebiet, um Menschen in Not Unterst\u00fctzung f\u00fcr die soziale Eingliederung zu gew\u00e4hrleisten das Recht auf die Ger\u00e4te und Ressourcen sicherzustellen, eine w\u00fcrdige Lebensbedingungen. <\/p>\n<p>  Ist notwendig, um die sozialen Dienste als ein Recht der B\u00fcrger zu begegnen. Ein universelles, verbindlich und durchsetzbar Recht &#8221;, betont der Pr\u00e4sident der COCEMFE, Mario Garc\u00eda. <\/p>\n<p>Die Zeit, die durch Landesgesetz zu gleiches Ma\u00df an Aufmerksamkeit-Parameter f\u00fcr alle B\u00fcrger, die Unterst\u00fctzung ben\u00f6tigen, f\u00fcr die soziale Eingliederung zu gew\u00e4hrleisten f\u00fcr die Konf\u00f6deration gekommen ist. Die Dezentralisierung in dieser Hinsicht hat bisher nicht mehr Unterschiede der Pflege f\u00fcr Menschen je nach Gebiet zu f\u00f6rdern. <\/p>\n<p>  Sind in diesen Jahren der ausschlie\u00dflichen Kompetenzen der autonomen Gemeinschaften, die Sozialdienste haben nicht garantiert worden und Reihe von Rechten. Wir glauben, dass der Weg zur Bek\u00e4mpfung dieses Manko durch eine Staat-Regel ist herstellen ein Minimum gleich alle Spanien &#8221;, sagt Garc\u00eda. <\/p>\n<p>F\u00fcr den Pr\u00e4sidenten der Entit\u00e4t  befinden wir uns in einem \u00e4u\u00dferst kritisch wirtschaftlichen Kontext, wo wir k\u00e4mpfen, um Schnitte in sozialer Hinsicht zu vermeiden, gibt es ein R\u00fcckschlag in der Errungenschaften auf dem Gebiet des Schutzes und der sozialen Wohlfahrt. Aus diesem Grund mehr denn je die Verabschiedung einer Regel dieser Art w\u00fcrde gew\u00e4hrleisten, Gleichheit f\u00fcr alle B\u00fcrger das Recht auf angemessene soziale Dienste, darunter und nicht Excluyesen &#8221;. <\/p>\n<p>Die Spanisch-Bund von Menschen mit Behinderung und organischen (COCEMFE) ist eine nichtstaatliche gemeinn\u00fctzige, die 1980 gegr\u00fcndet wurde. Es zielt darauf ab zu vereinigen, St\u00e4rkung und Koordinierung und Aktivit\u00e4ten von Personen zugunsten von Personen mit Behinderungen physikalische und organische, ihre Rechte zu verteidigen und ihre Lebensqualit\u00e4t zu verbessern. Das Unternehmen vereint mehr als 1.360 Organisationen aufgeteilt autonome Konf\u00f6derationen, staatlichen Institutionen und provinziellen Verb\u00e4nde, die wiederum unterschiedlichen lokalen Verb\u00e4nden gruppiert. <\/p>\n<p><\/font><\/p>\n","protected":false},"excerpt":{"rendered":"<p>COCEMFE fordert staatliche Regulierung der Dienste sozialen. Wahlen allgemeine 20N. -Die Eidgenossenschaft fordert die Verabschiedung eines Gesetzes der Garantie der Rechte und Sozialdienste nationalen -vermeiden Ungleichheiten, die aus der aktuellen Dezentralisierung -die Sozialdienste haben bisher nicht Reihe von rechten Madrid, November 2011 &#8211; Spanisch Bund von Menschen mit Behinderung und organischen (COCEMFE) fordert die politische [&hellip;]<\/p>\n","protected":false},"author":1,"featured_media":0,"comment_status":"close","ping_status":"open","sticky":false,"template":"","format":"standard","meta":{"footnotes":""},"categories":[3],"tags":[8384,8385,8386,8383,8382],"class_list":["post-2249","post","type-post","status-publish","format-standard","hentry","category-allgemeine","tag-regulierung","tag-sozialdienstleistungen","tag-sozialen","tag-staatliche","tag-vervollstndigen","et-doesnt-have-format-content","et_post_format-et-post-format-standard"],"_links":{"self":[{"href":"https:\/\/www.best-dentist-dentistry.com\/de\/wp-json\/wp\/v2\/posts\/2249","targetHints":{"allow":["GET"]}}],"collection":[{"href":"https:\/\/www.best-dentist-dentistry.com\/de\/wp-json\/wp\/v2\/posts"}],"about":[{"href":"https:\/\/www.best-dentist-dentistry.com\/de\/wp-json\/wp\/v2\/types\/post"}],"author":[{"embeddable":true,"href":"https:\/\/www.best-dentist-dentistry.com\/de\/wp-json\/wp\/v2\/users\/1"}],"replies":[{"embeddable":true,"href":"https:\/\/www.best-dentist-dentistry.com\/de\/wp-json\/wp\/v2\/comments?post=2249"}],"version-history":[{"count":0,"href":"https:\/\/www.best-dentist-dentistry.com\/de\/wp-json\/wp\/v2\/posts\/2249\/revisions"}],"wp:attachment":[{"href":"https:\/\/www.best-dentist-dentistry.com\/de\/wp-json\/wp\/v2\/media?parent=2249"}],"wp:term":[{"taxonomy":"category","embeddable":true,"href":"https:\/\/www.best-dentist-dentistry.com\/de\/wp-json\/wp\/v2\/categories?post=2249"},{"taxonomy":"post_tag","embeddable":true,"href":"https:\/\/www.best-dentist-dentistry.com\/de\/wp-json\/wp\/v2\/tags?post=2249"}],"curies":[{"name":"wp","href":"https:\/\/api.w.org\/{rel}","templated":true}]}}