{"id":22491,"date":"2012-10-29T02:36:01","date_gmt":"2012-10-29T02:36:01","guid":{"rendered":null},"modified":"-0001-11-30T00:00:00","modified_gmt":"-0001-11-30T00:00:00","slug":"el-salvador-runs-first-campaign-against-dengue-to-avoid-rebound","status":"publish","type":"post","link":"https:\/\/www.best-dentist-dentistry.com\/de\/el-salvador-runs-first-campaign-against-dengue-to-avoid-rebound\/22491","title":{"rendered":"el salvador runs first campaign against dengue to avoid rebound"},"content":{"rendered":"<p class=\"first\"> <span class=\"yshortcuts\" id=\"lw_1336608754_1\"> San Salvador<\/span>, 9 kann (<span class=\"yshortcuts\" id=\"lw_1336608754_5\"> EFE<\/span>).-<span class=\"yshortcuts\" id=\"lw_1336608754_0\"> das Gesundheitsministerium von El Salvador<\/span> heute startete den ersten Nationalfeiertag gegen Dengue einen Anstieg dieser Krankheit zu vermeiden, die bisher hat verursachte den Tod von Minderj\u00e4hrigen und verlie\u00dfen mehr als tausend infiziert im Land.<\/p>\n<p>Des Tages gegen <span class=\"yshortcuts\" id=\"lw_1336608754_7\"> Dengue-Fieber<\/span> wird durchgef\u00fchrt &#8220;drei Tage&#8221;, ab heute und bis zum Freitag, erkl\u00e4rte Efe ein Sprecher f\u00fcr die Gesundheit.<\/p>\n<p>&#8220;Wir sind uns bewusst, dass in der Regenzeit (von Mai bis September)-Saison die Gefahr von Dengue-Fieber deutlich, dann erh\u00f6ht wird deshalb diesen Tag geplant ist ein Aufruf an die Bev\u00f6lkerung und die Aktionen der Reinigung, beizutreten&#8221;, erz\u00e4hlte die Presse Juli <span class=\"yshortcuts\" id=\"lw_1336608754_3\"> B\u00fcchsenmacher<\/span>, Direktor der salvadorianischen <span class=\"yshortcuts\" id=\"lw_1336608754_2\"> Gesundheitsministerium<\/span> Gesundheits\u00fcberwachung.<\/p>\n<p><span class=\"yshortcuts\" id=\"lw_1336608754_6\"> Dengue-Fieber<\/span> ist eine Viruserkrankung, die durch den Stich der M\u00fccke &#8220;Aedes Aegypti&#8221; \u00fcbertragen und ver\u00f6ffentlicht vor allem in tropischen und subtropischen L\u00e4ndern.<\/p>\n<p>B\u00fcchsenmacher darauf hingewiesen, dass in dem Land ist &#8220;eine hohe Auflage des Denguevirus&#8221;, da gibt es &#8220;viel Zancudo infiziert&#8221;, von denen betont, da\u00df es ist wichtig, dass die Bev\u00f6lkerung bei der Beseitigung hilft von Brutst\u00e4tten des Insektes.<\/p>\n<p>&#8220;Das Problem der Dengue-Fieber ist nicht Verantwortung eines einzigen, sondern der gesamten Bev\u00f6lkerung und Arbeitshygiene in ihren H\u00e4usern zu gew\u00e4hrleisten&#8221;, und &#8220;besonders sch\u00fctzen Kinder, weil sie die h\u00e4rtesten sind&#8221;, f\u00fcgte er hinzu.<\/p>\n<p>Nach R\u00fcstungsschmied, sieben jeder 10 Menschen, die Dengue-Vertrag sind, Kinder oder Jugendliche.<\/p>\n<p>2011 Bis November, dieses zentralamerikanischen Landes berichtet zumindest 6,163 F\u00e4lle von gemeinsamen Dengue und 138 die h\u00e4morrhagische Fieber nach offiziellen Berichten.<\/p>\n<p>In diesem Jahr bislang wurden best\u00e4tigte 1.500 F\u00e4lle von Dengue-Fieber, davon 88 sind &#8220;Ernst&#8221; oder Blutungen, erkl\u00e4rte er die <span class=\"yshortcuts\" id=\"lw_1336608754_4\"> Quelle der Gesundheit<\/span>. EFE<\/p>\n","protected":false},"excerpt":{"rendered":"<p>San Salvador, 9 kann ( EFE).- das Gesundheitsministerium von El Salvador heute startete den ersten Nationalfeiertag gegen Dengue einen Anstieg dieser Krankheit zu vermeiden, die bisher hat verursachte den Tod von Minderj\u00e4hrigen und verlie\u00dfen mehr als tausend infiziert im Land. Des Tages gegen Dengue-Fieber wird durchgef\u00fchrt &#8220;drei Tage&#8221;, ab heute und bis zum Freitag, erkl\u00e4rte [&hellip;]<\/p>\n","protected":false},"author":1,"featured_media":0,"comment_status":"close","ping_status":"open","sticky":false,"template":"","format":"standard","meta":{"footnotes":""},"categories":[3],"tags":[],"class_list":["post-22491","post","type-post","status-publish","format-standard","hentry","category-allgemeine","et-doesnt-have-format-content","et_post_format-et-post-format-standard"],"_links":{"self":[{"href":"https:\/\/www.best-dentist-dentistry.com\/de\/wp-json\/wp\/v2\/posts\/22491","targetHints":{"allow":["GET"]}}],"collection":[{"href":"https:\/\/www.best-dentist-dentistry.com\/de\/wp-json\/wp\/v2\/posts"}],"about":[{"href":"https:\/\/www.best-dentist-dentistry.com\/de\/wp-json\/wp\/v2\/types\/post"}],"author":[{"embeddable":true,"href":"https:\/\/www.best-dentist-dentistry.com\/de\/wp-json\/wp\/v2\/users\/1"}],"replies":[{"embeddable":true,"href":"https:\/\/www.best-dentist-dentistry.com\/de\/wp-json\/wp\/v2\/comments?post=22491"}],"version-history":[{"count":0,"href":"https:\/\/www.best-dentist-dentistry.com\/de\/wp-json\/wp\/v2\/posts\/22491\/revisions"}],"wp:attachment":[{"href":"https:\/\/www.best-dentist-dentistry.com\/de\/wp-json\/wp\/v2\/media?parent=22491"}],"wp:term":[{"taxonomy":"category","embeddable":true,"href":"https:\/\/www.best-dentist-dentistry.com\/de\/wp-json\/wp\/v2\/categories?post=22491"},{"taxonomy":"post_tag","embeddable":true,"href":"https:\/\/www.best-dentist-dentistry.com\/de\/wp-json\/wp\/v2\/tags?post=22491"}],"curies":[{"name":"wp","href":"https:\/\/api.w.org\/{rel}","templated":true}]}}