{"id":22618,"date":"2012-10-30T02:47:31","date_gmt":"2012-10-30T02:47:31","guid":{"rendered":null},"modified":"-0001-11-30T00:00:00","modified_gmt":"-0001-11-30T00:00:00","slug":"health-highlights-normality-at-start-of-the-new-system-of-payment-for-drugs","status":"publish","type":"post","link":"https:\/\/www.best-dentist-dentistry.com\/de\/health-highlights-normality-at-start-of-the-new-system-of-payment-for-drugs\/22618","title":{"rendered":"health highlights normality at start of the new system of payment for drugs"},"content":{"rendered":"<p class=\"first\"> Madrid, 1 jul (EFE).-der erste Tag der Implementierung des neuen Systems der Zahlung f\u00fcr die Medikamente sie &#8220;Normal&#8221; und &#8220;ohne Zwischenf\u00e4lle&#8221; in ganz Spanien, mit Ausnahme der Baskenland und Katalonien entwickelt, sagte heute Nachmittag sagte EFE Generalsekret\u00e4r der Gesundheit, Pilar Farjas.<\/p>\n<p>Der ministeriellen Kopf erw\u00e4hnt, nach einer Runde Kontakte mit &#8220;alle&#8221; regionale R\u00e4te der Blumenstrau\u00df, dass Systeme der \u00dcbertragung von Daten im Zusammenhang mit dem neuen Modell f\u00fcr den Erwerb von Drogen, in dem jeder B\u00fcrger einen Code, der den Prozentsatz des Verkaufspreises erh\u00e4lt bezahlt werden, markiert &#8220;arbeitet mit absoluten Normalit\u00e4t&#8221;.<\/p>\n<p>Die beiden F\u00e4lle, die kam aus diesem Trend sind das Baskenland, wo er ein Dekret, die nicht diese Ma\u00dfnahme; \u00fcbergeben und Katalonien, die katalanische Regierung hat beschlossen, zur Verz\u00f6gerung einer Monat-Auflistung f\u00fcr das entsprechende Alter, Erwerbsstatus und Einkommen, Prozents\u00e4tze, die B\u00fcrger sp\u00e4ter zahlen m\u00fcssen.<\/p>\n<p>In den B\u00fcros gab es F\u00e4lle von &#8220;Menschen, die sich Fragen&#8221; durch das neue Modell erw\u00e4hnt, aber diese haben nicht S\u00e4ttigung, teilweise verursacht durch die &#8220;Niedrige Aktivit\u00e4t&#8221; in den B\u00fcros, seit heute Sonntag ist und sind nur offene Apotheken Bereitschaftsdienst und Notrufbereitschaft Einheiten.<\/p>\n<p>Generalsekretariat der Gesundheit gesagt, dass das Ministerium eine Sammlung von Drogen &#8220;in den letzten Wochen&#8221; nicht erkannt hat anl\u00e4sslich des Inkrafttretens der Reform, &#8220;\u00fcber einige Punkt Akkumulation, wir wissen nicht, wenn der Feiertag&#8221;, da viele Patienten, die ihren Wohnsitz w\u00e4hrend verlassen im Sommer &#8220;marschieren mit Drogen.<\/p>\n<p>&#8220;Wir haben gelesen, in der Presse einen Zeit-Situation, sondern Berater haben mich nicht verschoben (vor der heutigen S\u00e4ttigung);&#8221; &#8220;Kopf, die meisten Schulen (f\u00fcr Arzneimittel) haben&#8221; verschoben, dass sie keine gr\u00f6\u00dfere Zustrom und Entzug von Drogen erkannt hatte, sagte.<\/p>\n<p>Gemeinschaften &#8220;zwei nationalen F\u00f6rderregelungen&#8221; f\u00fcr Profis, haben werden, erkl\u00e4rt Farjas. Man wird jeder User-Code erleichtern und ist verbunden mit der Geschichte und das Modul der Abgabe in Apotheken.<\/p>\n<p>Der anderen Seite, ein Internet-Dienst, die Profis, erlaubt, wenn sie die ID des Patienten einf\u00fchren den zugeordneten Code erhalten.<\/p>\n<p>Dar\u00fcber hinaus &#8220;die meisten Gemeinden haben telefonische Beratung etabliert und support-Service&#8221;, hinzugef\u00fcgt.<\/p>\n<p>Generalsekretariat bedauert, in ihren Aussagen zu EFE, die Entscheidung der Regierung von Patxi L\u00f3pez \u00fcbernehmen die Kosten f\u00fcr das neue System, da &#8220;ein Dekret kann nicht brechen ein Gesetz des spanischen Parlaments&#8221;.<\/p>\n<p>Farjas beschrieben als &#8220;verfassungswidrig&#8221; dieser administrativen Dekret, das als Marke &#8220;unangebrachten und Solidarit\u00e4t-Initiative&#8221;.<\/p>\n<p>Der Zentralregierung, er stellte fest, &#8220;ist das Studium es rechtlich&#8221;.<\/p>\n<p>Schlie\u00dflich betonte, dass die Einrichtung eines &#8220;gemeinsamen&#8221; nationalen Daten-System, das erm\u00f6glicht Zugriff auf Daten von allen Patienten in regionale Dienste, hat erlaubt &#8220;debug&#8221; irregul\u00e4ren Situationen und es eine &#8220;Sternstunde&#8221; betrachtet werden als &#8220;die Potenzialit\u00e4t, die hat&#8221;.<\/p>\n","protected":false},"excerpt":{"rendered":"<p>Madrid, 1 jul (EFE).-der erste Tag der Implementierung des neuen Systems der Zahlung f\u00fcr die Medikamente sie &#8220;Normal&#8221; und &#8220;ohne Zwischenf\u00e4lle&#8221; in ganz Spanien, mit Ausnahme der Baskenland und Katalonien entwickelt, sagte heute Nachmittag sagte EFE Generalsekret\u00e4r der Gesundheit, Pilar Farjas. Der ministeriellen Kopf erw\u00e4hnt, nach einer Runde Kontakte mit &#8220;alle&#8221; regionale R\u00e4te der Blumenstrau\u00df, [&hellip;]<\/p>\n","protected":false},"author":1,"featured_media":0,"comment_status":"close","ping_status":"open","sticky":false,"template":"","format":"standard","meta":{"footnotes":""},"categories":[3],"tags":[],"class_list":["post-22618","post","type-post","status-publish","format-standard","hentry","category-allgemeine","et-doesnt-have-format-content","et_post_format-et-post-format-standard"],"_links":{"self":[{"href":"https:\/\/www.best-dentist-dentistry.com\/de\/wp-json\/wp\/v2\/posts\/22618","targetHints":{"allow":["GET"]}}],"collection":[{"href":"https:\/\/www.best-dentist-dentistry.com\/de\/wp-json\/wp\/v2\/posts"}],"about":[{"href":"https:\/\/www.best-dentist-dentistry.com\/de\/wp-json\/wp\/v2\/types\/post"}],"author":[{"embeddable":true,"href":"https:\/\/www.best-dentist-dentistry.com\/de\/wp-json\/wp\/v2\/users\/1"}],"replies":[{"embeddable":true,"href":"https:\/\/www.best-dentist-dentistry.com\/de\/wp-json\/wp\/v2\/comments?post=22618"}],"version-history":[{"count":0,"href":"https:\/\/www.best-dentist-dentistry.com\/de\/wp-json\/wp\/v2\/posts\/22618\/revisions"}],"wp:attachment":[{"href":"https:\/\/www.best-dentist-dentistry.com\/de\/wp-json\/wp\/v2\/media?parent=22618"}],"wp:term":[{"taxonomy":"category","embeddable":true,"href":"https:\/\/www.best-dentist-dentistry.com\/de\/wp-json\/wp\/v2\/categories?post=22618"},{"taxonomy":"post_tag","embeddable":true,"href":"https:\/\/www.best-dentist-dentistry.com\/de\/wp-json\/wp\/v2\/tags?post=22618"}],"curies":[{"name":"wp","href":"https:\/\/api.w.org\/{rel}","templated":true}]}}