{"id":22633,"date":"2012-10-30T02:49:01","date_gmt":"2012-10-30T02:49:01","guid":{"rendered":null},"modified":"-0001-11-30T00:00:00","modified_gmt":"-0001-11-30T00:00:00","slug":"valencian-pharmacists-catalogued-very-positive-his-meeting-with-the-ministry","status":"publish","type":"post","link":"https:\/\/www.best-dentist-dentistry.com\/de\/valencian-pharmacists-catalogued-very-positive-his-meeting-with-the-ministry\/22633","title":{"rendered":"Valencianische Apotheker katalogisiert sein Treffen mit dem Ministerium &#8220;sehr positiv&#8221;"},"content":{"rendered":"<p class=\"first\"> MADRID, 4 (EUROPA PRESS)<\/p>\n<p>Des College of Valencia Apotheker waren &#8220;sehr positiv&#8221; die Tagung in das Ministerium f\u00fcr Gesundheit, in dem der Besitzer des Feldes, Ana Mato teilgenommen hat und die auch der Pr\u00e4sident des Generalrats der Hochschulen Apotheker, Carmen Pe\u00f1a unterst\u00fctzt hat.<\/p>\n<p>Nach Quellen der Valencia Pharmaceutical Association (Micof), die Sitzung, die etwa eineinhalb Stunden dauerte, hat wurden gebrandmarkt &#8220;positiv&#8221; durch den Besuch von gleich und morgen wird inhaltlich klar.<\/p>\n<p>Auch, wenn gefragt, ob der Streik aussetzen k\u00f6nnte, wenn sich beide Parteien eine Einigung in der Sitzung hatte, denselben Quellen haben darauf hingewiesen, Europa zu dr\u00fccken, dass die Entscheidung, den Streik zu beenden nicht sofort stattfinden k\u00f6nnte da, die zuerst die Ansicht der Mitglieder durch eine Assembly dr\u00fccken w\u00fcrde.<\/p>\n<p>Der eigenen Pr\u00e4sident des College of Apotheker von Valencia, Mar\u00eda Teresa Guardiola, der illustren gewesen, die angek\u00fcndigt hat, bei einer Pressekonferenz in Valencia, die das Ministerium, um ihnen dringend, f\u00fcr heute Nachmittag einzuberufen genannt hatte.<\/p>\n<p>Guardiola hat Mittwoch angeboten, dass eine Pressekonferenz, um die Gr\u00fcnde zu erl\u00e4utern, die zu den Apothekern gef\u00fchrt haben einberufen hat eine unbefristete ab Montag Streiks bis sie im Februar und M\u00e4rz die 240 Millionen Euro erhalten. Im Falle nur bezahlt werden pro Monat w\u00fcrde einzuberufen, die Versammlung um mitzuteilen, was zu tun. Jedoch erhielt eine halbe Pressekonferenz des Pr\u00e4sidenten der Micof einen Anruf des Ministeriums zu diesem Nachmittag beruft ein. <\/p>\n","protected":false},"excerpt":{"rendered":"<p>MADRID, 4 (EUROPA PRESS) Des College of Valencia Apotheker waren &#8220;sehr positiv&#8221; die Tagung in das Ministerium f\u00fcr Gesundheit, in dem der Besitzer des Feldes, Ana Mato teilgenommen hat und die auch der Pr\u00e4sident des Generalrats der Hochschulen Apotheker, Carmen Pe\u00f1a unterst\u00fctzt hat. Nach Quellen der Valencia Pharmaceutical Association (Micof), die Sitzung, die etwa eineinhalb [&hellip;]<\/p>\n","protected":false},"author":1,"featured_media":0,"comment_status":"close","ping_status":"open","sticky":false,"template":"","format":"standard","meta":{"footnotes":""},"categories":[3],"tags":[33715],"class_list":["post-22633","post","type-post","status-publish","format-standard","hentry","category-allgemeine","tag-aen","et-doesnt-have-format-content","et_post_format-et-post-format-standard"],"_links":{"self":[{"href":"https:\/\/www.best-dentist-dentistry.com\/de\/wp-json\/wp\/v2\/posts\/22633","targetHints":{"allow":["GET"]}}],"collection":[{"href":"https:\/\/www.best-dentist-dentistry.com\/de\/wp-json\/wp\/v2\/posts"}],"about":[{"href":"https:\/\/www.best-dentist-dentistry.com\/de\/wp-json\/wp\/v2\/types\/post"}],"author":[{"embeddable":true,"href":"https:\/\/www.best-dentist-dentistry.com\/de\/wp-json\/wp\/v2\/users\/1"}],"replies":[{"embeddable":true,"href":"https:\/\/www.best-dentist-dentistry.com\/de\/wp-json\/wp\/v2\/comments?post=22633"}],"version-history":[{"count":0,"href":"https:\/\/www.best-dentist-dentistry.com\/de\/wp-json\/wp\/v2\/posts\/22633\/revisions"}],"wp:attachment":[{"href":"https:\/\/www.best-dentist-dentistry.com\/de\/wp-json\/wp\/v2\/media?parent=22633"}],"wp:term":[{"taxonomy":"category","embeddable":true,"href":"https:\/\/www.best-dentist-dentistry.com\/de\/wp-json\/wp\/v2\/categories?post=22633"},{"taxonomy":"post_tag","embeddable":true,"href":"https:\/\/www.best-dentist-dentistry.com\/de\/wp-json\/wp\/v2\/tags?post=22633"}],"curies":[{"name":"wp","href":"https:\/\/api.w.org\/{rel}","templated":true}]}}