{"id":22673,"date":"2012-10-30T03:29:41","date_gmt":"2012-10-30T03:29:41","guid":{"rendered":null},"modified":"-0001-11-30T00:00:00","modified_gmt":"-0001-11-30T00:00:00","slug":"cocemfe-congratulates-the-commission-on-disability-on-their-recent-agreements","status":"publish","type":"post","link":"https:\/\/www.best-dentist-dentistry.com\/de\/cocemfe-congratulates-the-commission-on-disability-on-their-recent-agreements\/22673","title":{"rendered":"COCEMFE gratuliert der Kommission zu Behinderung auf ihre j\u00fcngsten Vereinbarungen"},"content":{"rendered":"<p><font size=\"2\"> <font size=\"3\"> <strong>COCEMFE gratuliert die Behinderung Kommission von ihrer vergangenen Abkommen<\/strong><\/font> <\/p>\n<p>-Verbesserung der Zug\u00e4nglichkeit in der kurf\u00fcrstlichen Colleges, Integration in die l\u00e4ndliche Umgebung und die Sensibilisierung der \u00d6ffentlichkeit <\/p>\n<p>-diese Abkommen das Wissen \u00fcber die Bed\u00fcrfnisse der Gruppe zu demonstrieren und sind die Fr\u00fcchte des Dialogs mit dem Sektor <\/p>\n<p>-Standardisierung von Menschen mit Behinderungen durch eine intensive Aktion B\u00fcrger Bewusstsein bilden <\/p>\n<p> <strong>MadridOktober 2012.-<\/strong> Spanisch Bund von Menschen mit k\u00f6rperlichen Behinderungen und organischen (COCEMFE) m\u00f6chte die Mitglieder der Kommission f\u00fcr das Richtlinien-Integral der Invalidit\u00e4tsgrad von Abgeordneter im spanischen Parlament durch die Annahme von mehreren Aussagen nicht des Gesetzes zugunsten von Menschen mit Behinderungen zu gratulieren. <\/p>\n<p>Insbesondere dienen sie zur Verbesserung der Zug\u00e4nglichkeit der Wahllokale, F\u00f6rderung von spezifische Ma\u00dfnahmen f\u00fcr Menschen mit Behinderungen Leben in l\u00e4ndlichen Gebieten als auch hinsichtlich die Bev\u00f6lkerung \u00fcber die besondere Situation zu sensibilisieren, die fast 4 Millionen Menschen in Spanien wegen seiner Behinderung zu leben. <\/p>\n<p>  Diese Abkommen demonstrieren die Empfindlichkeit der Fraktionen gegen\u00fcber Menschen mit Behinderungen, ihre Kenntnisse \u00fcber die Bed\u00fcrfnisse dieser Gruppe und die Fr\u00fcchte des Dialogs mit den Verb\u00e4nden der Behinderung zeigen &#8221;, sagt der Pr\u00e4sident des COCEMFE, Mario Garc\u00eda. <\/p>\n<p>Laut Mario Garc\u00eda  Standardisierung und Integration von Menschen mit Behinderungen in der Gesellschaft geht auf eine intensive Aktion B\u00fcrger Bewusstsein die Wirklichkeit dieser Gruppe zu bew\u00e4ltigen und ihre gro\u00dfen Kapazit\u00e4ten kennen &#8221;. <\/p>\n<p>COCEMFE glaubten, dass, sobald alle Menschen mit Behinderungen zu \u00fcben ihr Wahlrecht auf Begriffe gleich. Es ist zwingend erforderlich, dass alle Umgebungen, Produkte und Dienstleistungen bei den Wahlen, die Bedingungen der Barrierefreiheit entsprechen und Nichtdiskriminierung, nach Ma\u00dfgabe der Verordnung \u00fcber die grundlegenden Bedingungen f\u00fcr die Beteiligung von Menschen mit Behinderungen in das politische Leben und Wahlprozesse, im M\u00e4rz 2011 genehmigt. <\/p>\n<p>Auf der anderen Seite in den l\u00e4ndlichen Gebieten nicht zog ebenso Fortschritte, die in der Access Ressourcen \u00f6ffentliche und private Personen mit Behinderungen Leben in st\u00e4dtischen Gebieten entstanden sind, und erh\u00f6ht so ihre gesellschaftliche Teilhabe. <\/p>\n<p>  Merkmale l\u00e4ndlicher Gebiete generieren ernsthafte Auswirkungen auf unser Kollektiv Services sind knapp, unzug\u00e4nglich, F\u00f6rderung dieser Realit\u00e4t die Isolierung von Personen, die dort wohnen und Drag &amp; Drop zu einer Dynamik, die in der Mehrfachdiskriminierung sehr pr\u00e4sent ist, wenn wir, Behinderte hinzuf\u00fcgen und Frauen in l\u00e4ndlichen Regionen haben mehr als 45 Jahre &#8221;erkl\u00e4rt der Pr\u00e4sident des COCEMFE. <\/p>\n<p>COCEMFE ist sich der Schwierigkeiten bewusst l\u00e4ndlichen f\u00fcr diese Gruppe nach Jahren Projekte Geb\u00e4ude Zug\u00e4nglichkeit, Besch\u00e4ftigung und Ausbildung in diesem Bereich zu entwickeln. Warum die Konf\u00f6deration sehr positiv bewertet die Initiative einstimmig die Regierung auffordern, spezifische Ma\u00dfnahmen f\u00fcr Menschen mit Behinderungen Leben in l\u00e4ndlichen Gebieten, wo der Anteil der Personen in dieser Gruppe h\u00f6her als in den St\u00e4dten ist zu f\u00f6rdern. <\/p>\n<p>Die Spanische Konf\u00f6deration der Menschen mit k\u00f6rperlichen Behinderungen und organischen (COCEMFE) ist eine gemeinn\u00fctzige Nichtregierungsorganisation, die 1980 gegr\u00fcndet wurde. Ihr Ziel ist es zu vereinen, st\u00e4rken, trainieren und koordinieren die Bem\u00fchungen und Aktivit\u00e4ten der Entit\u00e4ten arbeiten zugunsten von Personen mit Behinderungen, physikalische und organische, ihre Rechte zu verteidigen und ihre Lebensqualit\u00e4t zu verbessern. Das Unternehmen sammelt mehr als 1.600 Unternehmen unterteilt in regionalen Konf\u00f6derationen, staatlichen Institutionen und provinziellen Verb\u00e4nde, die wiederum verschiedene lokale Vereine zusammenzubringen. <\/p>\n<p><\/font><\/p>\n","protected":false},"excerpt":{"rendered":"<p>COCEMFE gratuliert die Behinderung Kommission von ihrer vergangenen Abkommen -Verbesserung der Zug\u00e4nglichkeit in der kurf\u00fcrstlichen Colleges, Integration in die l\u00e4ndliche Umgebung und die Sensibilisierung der \u00d6ffentlichkeit -diese Abkommen das Wissen \u00fcber die Bed\u00fcrfnisse der Gruppe zu demonstrieren und sind die Fr\u00fcchte des Dialogs mit dem Sektor -Standardisierung von Menschen mit Behinderungen durch eine intensive Aktion [&hellip;]<\/p>\n","protected":false},"author":1,"featured_media":0,"comment_status":"close","ping_status":"open","sticky":false,"template":"","format":"standard","meta":{"footnotes":""},"categories":[3],"tags":[],"class_list":["post-22673","post","type-post","status-publish","format-standard","hentry","category-allgemeine","et-doesnt-have-format-content","et_post_format-et-post-format-standard"],"_links":{"self":[{"href":"https:\/\/www.best-dentist-dentistry.com\/de\/wp-json\/wp\/v2\/posts\/22673","targetHints":{"allow":["GET"]}}],"collection":[{"href":"https:\/\/www.best-dentist-dentistry.com\/de\/wp-json\/wp\/v2\/posts"}],"about":[{"href":"https:\/\/www.best-dentist-dentistry.com\/de\/wp-json\/wp\/v2\/types\/post"}],"author":[{"embeddable":true,"href":"https:\/\/www.best-dentist-dentistry.com\/de\/wp-json\/wp\/v2\/users\/1"}],"replies":[{"embeddable":true,"href":"https:\/\/www.best-dentist-dentistry.com\/de\/wp-json\/wp\/v2\/comments?post=22673"}],"version-history":[{"count":0,"href":"https:\/\/www.best-dentist-dentistry.com\/de\/wp-json\/wp\/v2\/posts\/22673\/revisions"}],"wp:attachment":[{"href":"https:\/\/www.best-dentist-dentistry.com\/de\/wp-json\/wp\/v2\/media?parent=22673"}],"wp:term":[{"taxonomy":"category","embeddable":true,"href":"https:\/\/www.best-dentist-dentistry.com\/de\/wp-json\/wp\/v2\/categories?post=22673"},{"taxonomy":"post_tag","embeddable":true,"href":"https:\/\/www.best-dentist-dentistry.com\/de\/wp-json\/wp\/v2\/tags?post=22673"}],"curies":[{"name":"wp","href":"https:\/\/api.w.org\/{rel}","templated":true}]}}