{"id":22681,"date":"2012-10-31T02:23:26","date_gmt":"2012-10-31T02:23:26","guid":{"rendered":null},"modified":"-0001-11-30T00:00:00","modified_gmt":"-0001-11-30T00:00:00","slug":"private-clinics-employers-reject-the-call-for-general-strike","status":"publish","type":"post","link":"https:\/\/www.best-dentist-dentistry.com\/de\/private-clinics-employers-reject-the-call-for-general-strike\/22681","title":{"rendered":"private clinics employers reject the call for general strike"},"content":{"rendered":"<p class=\"first\"> MADRID, 27 (EUROPA PRESS)<\/p>\n<p>Der nationale Verband der Privatkliniken \u00e4u\u00dferte ihre Meinungsverschiedenheiten mit dem Generalstreik von 29. M\u00e4rz zu verstehen, dass Sie sich &#8220;negativ&#8221; k\u00f6nnen auf der Wirtschaft und Schaffung von Arbeitspl\u00e4tzen.<\/p>\n<p>Der F\u00f6deration &#8220;die Reform der Arbeit, das Streikrecht f\u00fchrte versucht, Antworten auf die gro\u00dfen Probleme, die der spanischen Arbeitsmarkt ziehen seit Jahrzehnten und verringert nicht die Arbeitnehmerrechte aller Arbeitnehmer, aber tr\u00e4gt zur Steigerung der Produktivit\u00e4t und Wettbewerbsf\u00e4higkeit von spanischen Gesellschaften&#8221;.<\/p>\n<p>Darum, die Arbeitgebern als den Streik als &#8220;politischer Druck gegen die Regierung und der Kongress der Abgeordnetenkammer, die Arbeitgeber betrifft,&#8221; nachteilig beeinflussen k\u00f6nnen als passive Empf\u00e4nger desselben &#8220;.&#8221; Dar\u00fcber hinaus &#8220;dieser Tag des Streiks verursacht schwere wirtschaftliche Sch\u00e4den hinzugef\u00fcgt, um die schwierige Situation mit Blick auf Spanien&#8221;.<\/p>\n<p>Auf der anderen Seite, denken Sie daran, sicherzustellen, dass sollte das Recht auf Arbeit und die Sicherheit aller Besch\u00e4ftigten ge\u00f6ffnet und die gem\u00e4\u00df diesem Gesetz Unternehmen bleiben m\u00fcssen zwischen den Arbeitstag also, dass diejenigen, die wollen, seinen Job zu gehen.<\/p>\n<p>Auch seinen Partnern k\u00fcndigte an, dass an diesem Tag \u00fcber die gemeinsame Kommunikationskan\u00e4le zu empfangen m\u00f6gliche Zwischenf\u00e4lle und entsprechende Ma\u00dfnahmen in jedem Fall verf\u00fcgbar sein wird.<\/p>\n","protected":false},"excerpt":{"rendered":"<p>MADRID, 27 (EUROPA PRESS) Der nationale Verband der Privatkliniken \u00e4u\u00dferte ihre Meinungsverschiedenheiten mit dem Generalstreik von 29. M\u00e4rz zu verstehen, dass Sie sich &#8220;negativ&#8221; k\u00f6nnen auf der Wirtschaft und Schaffung von Arbeitspl\u00e4tzen. Der F\u00f6deration &#8220;die Reform der Arbeit, das Streikrecht f\u00fchrte versucht, Antworten auf die gro\u00dfen Probleme, die der spanischen Arbeitsmarkt ziehen seit Jahrzehnten und [&hellip;]<\/p>\n","protected":false},"author":1,"featured_media":0,"comment_status":"close","ping_status":"open","sticky":false,"template":"","format":"standard","meta":{"footnotes":""},"categories":[3],"tags":[],"class_list":["post-22681","post","type-post","status-publish","format-standard","hentry","category-allgemeine","et-doesnt-have-format-content","et_post_format-et-post-format-standard"],"_links":{"self":[{"href":"https:\/\/www.best-dentist-dentistry.com\/de\/wp-json\/wp\/v2\/posts\/22681","targetHints":{"allow":["GET"]}}],"collection":[{"href":"https:\/\/www.best-dentist-dentistry.com\/de\/wp-json\/wp\/v2\/posts"}],"about":[{"href":"https:\/\/www.best-dentist-dentistry.com\/de\/wp-json\/wp\/v2\/types\/post"}],"author":[{"embeddable":true,"href":"https:\/\/www.best-dentist-dentistry.com\/de\/wp-json\/wp\/v2\/users\/1"}],"replies":[{"embeddable":true,"href":"https:\/\/www.best-dentist-dentistry.com\/de\/wp-json\/wp\/v2\/comments?post=22681"}],"version-history":[{"count":0,"href":"https:\/\/www.best-dentist-dentistry.com\/de\/wp-json\/wp\/v2\/posts\/22681\/revisions"}],"wp:attachment":[{"href":"https:\/\/www.best-dentist-dentistry.com\/de\/wp-json\/wp\/v2\/media?parent=22681"}],"wp:term":[{"taxonomy":"category","embeddable":true,"href":"https:\/\/www.best-dentist-dentistry.com\/de\/wp-json\/wp\/v2\/categories?post=22681"},{"taxonomy":"post_tag","embeddable":true,"href":"https:\/\/www.best-dentist-dentistry.com\/de\/wp-json\/wp\/v2\/tags?post=22681"}],"curies":[{"name":"wp","href":"https:\/\/api.w.org\/{rel}","templated":true}]}}