{"id":2276,"date":"2014-11-15T23:08:21","date_gmt":"2014-11-15T23:08:21","guid":{"rendered":null},"modified":"2014-11-15T23:08:21","modified_gmt":"2014-11-15T23:08:21","slug":"training-in-prevention-of-occupational-risks-for-freelancers","status":"publish","type":"post","link":"https:\/\/www.best-dentist-dentistry.com\/de\/training-in-prevention-of-occupational-risks-for-freelancers\/2276","title":{"rendered":"Ausbildung bei der Verh\u00fctung berufsbedingter Gefahren f\u00fcr Selbst\u00e4ndige und Freiberufler"},"content":{"rendered":"<p><font   size=\"2\"> <strong><font size=\"3\"> Ausbildung in Verh\u00fctung berufsbedingter Gefahren f\u00fcr autonome<\/font> <\/p>\n<p> in Castell\u00f3n, Valencia und Barcelona <br \/><\/strong> <\/p>\n<p>-Union der gegenseitigen f\u00f6rdert Ausbildung in Pr\u00e4vention, spezifische und angepasst an die Besonderheiten des selbstst\u00e4ndigen Arbeitnehmer. <\/p>\n<p>-organisiert f\u00fcr den Monat November-acht-Schulungen zur Verhinderung der Gefahren, die kollektive selbst. <\/p>\n<p><strong><br \/> Valencia, November 2011 &#8211;<\/strong> mit dem Ziel zu informieren, f\u00fchren und das Bewusstsein f\u00fcr Vorbeugung und Sicherheit, hat die gegenseitige Union organisiert diese Ausbildung-Aktivit\u00e4ten mit Schwerpunkt auf die Bereitstellung von Priorit\u00e4t an Unternehmen selbst sorgf\u00e4ltig, so dass sie integrieren oder verbessern die Pr\u00e4vention von Risiken in die Positionen der Arbeit. <\/p>\n<p>Arbeit, Gesundheit, Risiken im Zusammenhang mit Arbeitsbedingungen und spezifischen Risiken im Zusammenhang mit dem Sektor und die T\u00e4tigkeit der Gesellschaft sind einige der Inhalte von der Pr\u00e4ventionsdienst der gegenseitigen, Veranstalter der Konferenz entwickelt werden. Die Rechte und Verpflichtungen aus dem Gesetz \u00fcber die Verh\u00fctung berufsbedingter Gefahren sowie die Integration des Risikomanagements in der T\u00e4tigkeit der autonomen beruflichen Umfeld werden auch angesprochen werden. <\/p>\n<p>Diese Kurse, Union der gegenseitigen auf die Kultur der Pr\u00e4vention kommt auch zu dieser Gruppe der Arbeitnehmer, die seit jeher, Weg von der Politik der Gesundheitsschutz und die Pr\u00e4vention von Arbeitsunf\u00e4llen. Er versucht, sich selbst\u00e4ndig an die Entwicklung der Sensibilisierung ist in die spanischen Unternehmen hinsichtlich der pr\u00e4ventiven Kultur und Gesundheit am Arbeitsplatz seit einigen Jahren, und es muss noch tiefer zwischen Arbeitgebern und Arbeitnehmern. <\/p>\n<p>Zu diesem Zweck f\u00f6rdert die gegenseitige Union Weiterbildung in bestimmten und angepasst auf die Besonderheiten von selbst\u00e4ndigen. Die Kurse sind Leitlinien dieser Gruppe festlegen, bei der Aus\u00fcbung seiner T\u00e4tigkeit, Effektivit\u00e4t und Effizienz aufgrund einer eine ordnungsgem\u00e4\u00dfe Verwaltung der Vorbeugung und Sicherheit bei der Arbeit zu gewinnen. <\/p>\n<p>In Spanien gibt es 1 &#8217; 8 Millionen Selbst\u00e4ndige, registriert im ersten Quartal des Jahres, nach den Daten der Union von Fachleuten und Selbstst\u00e4ndige, UPTA. <\/p>\n<p>In den letzten Jahren wurden auf gesetzlicher Ebene einige Initiativen verabschiedet, um zu verbessern, den Status der autonomen Arbeit, Rechte und Verpflichtungen, das Niveau des Sozialschutzes, -Relations-Arbeit, F\u00f6rderung der Selbst\u00e4ndigkeit sowie die Abbildung von wirtschaftlich abh\u00e4ngigen selbst\u00e4ndiger. <\/p>\n<p>In diesem Sinne, der gesch\u00e4ftsf\u00fchrende Direktor der Union der gegenseitigen, Juan Enrique Blasco hat betont, dass  gibt es viele Menschen, die mitten in der Krise starten auf der Suche nach der eigenen Arbeit als ein Weg, um voranzukommen, m\u00fcssen wir daher f\u00f6rdern und unterst\u00fctzen die selbst\u00e4ndigen, weil sie Unternehmer sindEntwicklern von Besch\u00e4ftigung, und wir m\u00fcssen ihnen helfen, es zu halten, die T\u00e4tigkeit oder die T\u00e4tigkeit, die erstellt haben &#8221;. <\/p>\n<p>Diese Klassen der Pr\u00e4vention der Risiken f\u00fcr selbst\u00e4ndige sind eingerahmt im Plan von Schulungsma\u00dfnahmen f\u00fcr 2011 der gegenseitigen Union, gem\u00e4\u00df dem Arbeitsministerium im Zusammenhang mit der Regulierung der pr\u00e4ventiven Aktivit\u00e4ten durch den Unfall der gegenseitigen entwickelt werden und Berufskrankheiten der sozialen Sicherheit, f\u00fcr den vorliegenden Jahr. <\/p>\n<p>Die Schulungen werden in Valencia die Tage 9, 10, 15 und 16 November stattfinden; in Barcelona den Tagen 21, 22, 29 und 30 des gleichen Monats und in Castell\u00f3n im Laufe des Monats Januar 2012. <\/p>\n<p><strong>Union der gegenseitigen<\/strong> <\/p>\n<p>Union der gegenseitigen ist die gegenseitige erste der Comunitat Valenciana in Unterst\u00fctzung von Arbeitsunf\u00e4llen und Berufskrankheiten. Jeder dritte Arbeitnehmer erhalten Abdeckung der Union gemeinsamen 60.000 Mitarbeiter und 238.220 Arbeiter sch\u00fctzt. Union der gegenseitigen Teil gegenseitige Corporation, die erste Investmentfonds-Gruppe von Spanien, das vereint sieben Spanien gegenseitige und sch\u00fctzt drei Millionen Arbeitnehmer hat 330 eigene Zentren, die Verteilung in der gesamten Halbinsel. Innerhalb des Unternehmens f\u00fchrt die Union der gegenseitigen des Konzerns Corporate Social Responsibility. <\/p>\n<p><\/font><\/p>\n","protected":false},"excerpt":{"rendered":"<p>Ausbildung in Verh\u00fctung berufsbedingter Gefahren f\u00fcr autonome in Castell\u00f3n, Valencia und Barcelona -Union der gegenseitigen f\u00f6rdert Ausbildung in Pr\u00e4vention, spezifische und angepasst an die Besonderheiten des selbstst\u00e4ndigen Arbeitnehmer. -organisiert f\u00fcr den Monat November-acht-Schulungen zur Verhinderung der Gefahren, die kollektive selbst. Valencia, November 2011 &#8211; mit dem Ziel zu informieren, f\u00fchren und das Bewusstsein f\u00fcr Vorbeugung [&hellip;]<\/p>\n","protected":false},"author":1,"featured_media":0,"comment_status":"close","ping_status":"open","sticky":false,"template":"","format":"standard","meta":{"footnotes":""},"categories":[3],"tags":[8472,8476,8473,8475,8474],"class_list":["post-2276","post","type-post","status-publish","format-standard","hentry","category-allgemeine","tag-2011-november","tag-autonome","tag-berufsbedingter","tag-freiberufler","tag-selbstndige","et-doesnt-have-format-content","et_post_format-et-post-format-standard"],"_links":{"self":[{"href":"https:\/\/www.best-dentist-dentistry.com\/de\/wp-json\/wp\/v2\/posts\/2276","targetHints":{"allow":["GET"]}}],"collection":[{"href":"https:\/\/www.best-dentist-dentistry.com\/de\/wp-json\/wp\/v2\/posts"}],"about":[{"href":"https:\/\/www.best-dentist-dentistry.com\/de\/wp-json\/wp\/v2\/types\/post"}],"author":[{"embeddable":true,"href":"https:\/\/www.best-dentist-dentistry.com\/de\/wp-json\/wp\/v2\/users\/1"}],"replies":[{"embeddable":true,"href":"https:\/\/www.best-dentist-dentistry.com\/de\/wp-json\/wp\/v2\/comments?post=2276"}],"version-history":[{"count":0,"href":"https:\/\/www.best-dentist-dentistry.com\/de\/wp-json\/wp\/v2\/posts\/2276\/revisions"}],"wp:attachment":[{"href":"https:\/\/www.best-dentist-dentistry.com\/de\/wp-json\/wp\/v2\/media?parent=2276"}],"wp:term":[{"taxonomy":"category","embeddable":true,"href":"https:\/\/www.best-dentist-dentistry.com\/de\/wp-json\/wp\/v2\/categories?post=2276"},{"taxonomy":"post_tag","embeddable":true,"href":"https:\/\/www.best-dentist-dentistry.com\/de\/wp-json\/wp\/v2\/tags?post=2276"}],"curies":[{"name":"wp","href":"https:\/\/api.w.org\/{rel}","templated":true}]}}