{"id":22839,"date":"2012-10-31T03:29:12","date_gmt":"2012-10-31T03:29:12","guid":{"rendered":null},"modified":"-0001-11-30T00:00:00","modified_gmt":"-0001-11-30T00:00:00","slug":"the-clinical-organized-the-madrid-conference-of-neurological-nursing-vi","status":"publish","type":"post","link":"https:\/\/www.best-dentist-dentistry.com\/de\/the-clinical-organized-the-madrid-conference-of-neurological-nursing-vi\/22839","title":{"rendered":"Die klinischen organisiert die Konferenz von Madrid \u00fcber neurologische Krankenpflege VI."},"content":{"rendered":"<p>Die klinische <strong>organisiert die Konferenz von Madrid \u00fcber neurologische Krankenpflege VI. <\/p>\n<p><font size=\"2\"> k\u00fcmmert sich der Patient mit neuronalen Sch\u00e4den. <\/p>\n<p> Spanien, Oktober 2012.-<\/font><\/strong> <font size=\"2\"> Richtung Krankenpflege das Hospital Cl\u00ednico San Carlos in Zusammenarbeit mit der spanischen Gesellschaft f\u00fcr neurologische Krankenpflege (SEDENE), organisiert die sechste Ausgabe der Madrid-Konferenz der neurologische Pflege, mit dem Ziel der Verbreitung und Aktualisierung der neurologischen Kenntnis zur Verbesserung der Qualit\u00e4t der Betreuung angeboten und angewandte B\u00fcrgern. <\/p>\n<p>Es soll auch Angeh\u00f6rigen der Gesundheitsberufe der verschiedenen Ebenen der Versorgung zu teilen und in die Praxis und Linien der Aktion gemeinsamen Konsens zu setzen, um die Kontinuit\u00e4t der Versorgung von Patienten mit neurologischen Sch\u00e4den und ihren Familien oder Betreuer zu verbessern. <\/p>\n<p><\/font><\/p>\n<p align=\"center\"><font   size=\"2\"><img loading=\"lazy\" decoding=\"async\" title=\"\" height=\"338\" alt=\"\" src=\"http:\/\/www.best-dentist-dentistry.com\/best-dentist-images\/the-clinical-organized-the-madrid-conference-of-neurological-nursing-vi.jpg\" width=\"450\" align=\"baseline\" border=\"0\"\/><\/font><\/p>\n<p><font   size=\"2\">La Jornada, inaugurada por M&aacute;ximo Gonz&aacute;lez Jurado, presidente del Consejo General de Colegios Oficiales de Diplomados en Enfermer&iacute;a de Espa&ntilde;a, est&aacute; enfocada en los temas de actualidad en enfermer&iacute;a, como son las &uacute;ltimas l&iacute;neas de investigaci&oacute;n en el campo de la enfermer&iacute;a neurol&oacute;gica, besondere Pflege erfordern Patienten, Krankenschwestern wichtige Ma\u00dfnahmen zur Verbesserung der Einhaltung der Behandlung bei Patienten mit multipler Sklerose und die Reorganisation der zentralen Nervensystems Aktivit\u00e4ten am besten geeignet f\u00fcr eine Fr\u00fchrehabilitation. <br \/><\/font><\/p>\n<p align=\"left\"> <font size=\"2\"> auch listet und Einheiten der vorhandenen SPEZIALPFLEGE von Ebenen der Versorgung analysiert und wird einen Raum f\u00fcr die Pr\u00e4sentation der Poster-Format oder m\u00fcndliche Pr\u00e4sentationen widmen. <\/p>\n<p><strong>Anstieg der Pr\u00e4valenz dieser Erkrankungen<\/strong> <\/p>\n<p>Als Schlaganfall neurologische Erkrankungen und Alzheimer-Krankheit, andere Demenzen, f\u00fchrend in der Sterblichkeit und Invalidit\u00e4t sowie Epilepsie, repr\u00e4sentieren Morbus Parkinson, Migr\u00e4ne neuromuskul\u00e4re Erkrankungen und andere, auch deaktivieren und schwerwiegende soziale Folgen, ein ernsthaftes Gesundheitsproblem. <\/p>\n<p>Der Anstieg der Lebenserwartung in Spanien macht sehr vorhersehbar erh\u00f6ht die Inzidenz dieser Erkrankungen, vor allem der Demenz und Schlaganfall, von denen niemand als frei werden k\u00f6nnen. <\/p>\n<p>In unserem Land sind mehr als 50 % der chronisch Kranken Angeh\u00f6rigen entweder gebeugt durch chronische Erkrankungen oder neurologische Pathologien. 6 Bis 7,5 Millionen Menschen leiden Sie unter irgendeiner Art von neurologischen Erkrankung (zwischen 13 und 16 % der Gesamtbev\u00f6lkerung), die 5 % der Krankenhauseinweisungen ausmachen. Diese verschl\u00fcsselt werden mit dem Altern in den Jahren der spanischen Bev\u00f6lkerung festgelegten sehr deutlich erh\u00f6hen. <\/p>\n<p>In diesem Szenario, die Information, die Ausbildung von Fachkr\u00e4ften und die Unterst\u00fctzung sowohl die Kranken bez\u00fcglich ihrer Familienmitglieder oder Betreuer ist wichtig, als auch als soziale Sensibilisierung, Pr\u00e4vention, Forschung, Hilfe und Integration dieser Art von Patienten und ihren Familien mit dem Ziel das Wohlbefinden der betroffenen neurologischen Erkrankungen zu verbessern, und somit den Wohlstand des Landes. <\/p>\n<p><\/font><\/p>\n","protected":false},"excerpt":{"rendered":"<p>Die klinische organisiert die Konferenz von Madrid \u00fcber neurologische Krankenpflege VI. k\u00fcmmert sich der Patient mit neuronalen Sch\u00e4den. Spanien, Oktober 2012.- Richtung Krankenpflege das Hospital Cl\u00ednico San Carlos in Zusammenarbeit mit der spanischen Gesellschaft f\u00fcr neurologische Krankenpflege (SEDENE), organisiert die sechste Ausgabe der Madrid-Konferenz der neurologische Pflege, mit dem Ziel der Verbreitung und Aktualisierung der [&hellip;]<\/p>\n","protected":false},"author":1,"featured_media":0,"comment_status":"close","ping_status":"open","sticky":false,"template":"","format":"standard","meta":{"footnotes":""},"categories":[3],"tags":[33933,33931,33934,33932],"class_list":["post-22839","post","type-post","status-publish","format-standard","hentry","category-allgemeine","tag-brbetreuung","tag-installiert","tag-schden","tag-vi","et-doesnt-have-format-content","et_post_format-et-post-format-standard"],"_links":{"self":[{"href":"https:\/\/www.best-dentist-dentistry.com\/de\/wp-json\/wp\/v2\/posts\/22839","targetHints":{"allow":["GET"]}}],"collection":[{"href":"https:\/\/www.best-dentist-dentistry.com\/de\/wp-json\/wp\/v2\/posts"}],"about":[{"href":"https:\/\/www.best-dentist-dentistry.com\/de\/wp-json\/wp\/v2\/types\/post"}],"author":[{"embeddable":true,"href":"https:\/\/www.best-dentist-dentistry.com\/de\/wp-json\/wp\/v2\/users\/1"}],"replies":[{"embeddable":true,"href":"https:\/\/www.best-dentist-dentistry.com\/de\/wp-json\/wp\/v2\/comments?post=22839"}],"version-history":[{"count":0,"href":"https:\/\/www.best-dentist-dentistry.com\/de\/wp-json\/wp\/v2\/posts\/22839\/revisions"}],"wp:attachment":[{"href":"https:\/\/www.best-dentist-dentistry.com\/de\/wp-json\/wp\/v2\/media?parent=22839"}],"wp:term":[{"taxonomy":"category","embeddable":true,"href":"https:\/\/www.best-dentist-dentistry.com\/de\/wp-json\/wp\/v2\/categories?post=22839"},{"taxonomy":"post_tag","embeddable":true,"href":"https:\/\/www.best-dentist-dentistry.com\/de\/wp-json\/wp\/v2\/tags?post=22839"}],"curies":[{"name":"wp","href":"https:\/\/api.w.org\/{rel}","templated":true}]}}