{"id":22912,"date":"2012-11-02T02:45:03","date_gmt":"2012-11-02T02:45:03","guid":{"rendered":null},"modified":"-0001-11-30T00:00:00","modified_gmt":"-0001-11-30T00:00:00","slug":"valencia-fires-evolve-favourably","status":"publish","type":"post","link":"https:\/\/www.best-dentist-dentistry.com\/de\/valencia-fires-evolve-favourably\/22912","title":{"rendered":"Valencia Br\u00e4nde entwickeln sich positiv"},"content":{"rendered":"<p class=\"first\"> MADRID (Reuters) &#8211; zwei schweren Br\u00e4nden in der Provinz Valencia weiter aktiv Montag, obwohl sie positiv entwickelt werden w\u00fcrde, sagte ein hochrangiger Beamter der valencianischen Gemeinschaft.<\/p>\n<p>Seraf\u00edn Castellano, der innere Berater sagte, dass das Feuer im Cortes de Pall\u00e1s &#8220;stabilisiert und Flammen&#8221;, und die zweite im Bereich der Andilla eine &#8220;g\u00fcnstige Entwicklung&#8221; durch die \u00c4nderung der Wetterbedingungen ist.<\/p>\n<p>Siebenundvierzig Luft Verm\u00f6genswerte und Land 2.000 teilnehmen an der Arbeit der beiden schlimmsten Feuer Jahre &#8211; Sch\u00e4tzungen zufolge konnten etwa 50.000 Hektar &#8211; verbrannt haben und begann, die in beiden F\u00e4llen durch Unachtsamkeit, laut Voruntersuchungen.<\/p>\n<p>Beh\u00f6rden haben verhaftete zwei Personen mit Bezug zu den Ursachen der Br\u00e4nde, die gezwungen waren, etwa 3.000 Nachbarn zu evakuieren und schneiden mehrere Gemeindestra\u00dfen.<\/p>\n<p>Das erste Feuer begann Donnerstag Nachmittag in der Gemeinde Cortes de Pall\u00e1s und 12 Gemeinden betroffen, in Andilla, ber\u00fchrt mit anderen 10 Gemeinden, wenig mehr als 24 Stunden sp\u00e4ter brach und wurde auf der Provinz Castell\u00f3n verl\u00e4ngert.<\/p>\n<p>Br\u00e4nde aufgetreten mitten in einer Hitzewelle mit H\u00f6hen in der N\u00e4he von 40 Grad f\u00fchrte die Beh\u00f6rden, die Gefahr von Waldbr\u00e4nden in der Gemeinschaft am Freitag auf das Maximum zu erh\u00f6hen.<\/p>\n<p>The Minister of Defense und Landwirtschaft und Umwelt, Pedro Moren\u00e9s und Miguel Arias Ca\u00f1ete, beziehungsweise, besuchte am Montag die Gebiete zusammen mit dem Valencia-Pr\u00e4sident, Alberto Fabra, um die Situation zu beurteilen.<\/p>\n<p>Eine dritte Feuer brach aus Sonntag nahe Hell\u00edn, Albacete, auf der Gemeinschaft Murcia ausgebreitet hat, also Stufe 2 Feuerwehr, die das Eingreifen der staatlichen Medien, beinhaltet in den Notfall Milit\u00e4reinheit (UME) aktiviert ist.<\/p>\n<p>Zwischen Januar und Mai 2012, in Spanien 10 Gro\u00dfbr\u00e4nde &#8211; stattgefunden haben, wenn sie mehr als 500 Hektar verbrannt. Insgesamt wurden verbrannt 49.738 Hektar, das schlechteste Abbildung seit 2002 in Brand, nach Angaben des Ministeriums f\u00fcr Umwelt und 8,252 Conatuses.<\/p>\n<p>Die Umweltsch\u00fctzer Gruppe Greenpeace behauptet diese Woche, die aktuelle Hitzewelle und Klimaver\u00e4nderungen in den letzten zehn Jahren beigetragen haben, um das Risiko von Feuer im Bereich Levante.<\/p>\n<p>Greenpeace zitiert auch die l\u00e4ndlichen Verlassenheit und mangelnde Bewirtschaftung der W\u00e4lder, zu den Gr\u00fcnden, die das Risiko von Feuer, ohne Urteil auf die Pr\u00e4senz des Menschen in der Natur und andere Ursachen wie Blitzschlag, Fahrl\u00e4ssigkeit, Unf\u00e4lle oder die Aktion der Pyromanen.<\/p>\n","protected":false},"excerpt":{"rendered":"<p>MADRID (Reuters) &#8211; zwei schweren Br\u00e4nden in der Provinz Valencia weiter aktiv Montag, obwohl sie positiv entwickelt werden w\u00fcrde, sagte ein hochrangiger Beamter der valencianischen Gemeinschaft. Seraf\u00edn Castellano, der innere Berater sagte, dass das Feuer im Cortes de Pall\u00e1s &#8220;stabilisiert und Flammen&#8221;, und die zweite im Bereich der Andilla eine &#8220;g\u00fcnstige Entwicklung&#8221; durch die \u00c4nderung [&hellip;]<\/p>\n","protected":false},"author":1,"featured_media":0,"comment_status":"close","ping_status":"open","sticky":false,"template":"","format":"standard","meta":{"footnotes":""},"categories":[3],"tags":[34021],"class_list":["post-22912","post","type-post","status-publish","format-standard","hentry","category-allgemeine","tag-armutszeugnis","et-doesnt-have-format-content","et_post_format-et-post-format-standard"],"_links":{"self":[{"href":"https:\/\/www.best-dentist-dentistry.com\/de\/wp-json\/wp\/v2\/posts\/22912","targetHints":{"allow":["GET"]}}],"collection":[{"href":"https:\/\/www.best-dentist-dentistry.com\/de\/wp-json\/wp\/v2\/posts"}],"about":[{"href":"https:\/\/www.best-dentist-dentistry.com\/de\/wp-json\/wp\/v2\/types\/post"}],"author":[{"embeddable":true,"href":"https:\/\/www.best-dentist-dentistry.com\/de\/wp-json\/wp\/v2\/users\/1"}],"replies":[{"embeddable":true,"href":"https:\/\/www.best-dentist-dentistry.com\/de\/wp-json\/wp\/v2\/comments?post=22912"}],"version-history":[{"count":0,"href":"https:\/\/www.best-dentist-dentistry.com\/de\/wp-json\/wp\/v2\/posts\/22912\/revisions"}],"wp:attachment":[{"href":"https:\/\/www.best-dentist-dentistry.com\/de\/wp-json\/wp\/v2\/media?parent=22912"}],"wp:term":[{"taxonomy":"category","embeddable":true,"href":"https:\/\/www.best-dentist-dentistry.com\/de\/wp-json\/wp\/v2\/categories?post=22912"},{"taxonomy":"post_tag","embeddable":true,"href":"https:\/\/www.best-dentist-dentistry.com\/de\/wp-json\/wp\/v2\/tags?post=22912"}],"curies":[{"name":"wp","href":"https:\/\/api.w.org\/{rel}","templated":true}]}}