{"id":22986,"date":"2012-11-02T03:30:29","date_gmt":"2012-11-02T03:30:29","guid":{"rendered":null},"modified":"-0001-11-30T00:00:00","modified_gmt":"-0001-11-30T00:00:00","slug":"published-the-book-professional-development-and-employment-for-people-with-mental-illness-editorial-group-5","status":"publish","type":"post","link":"https:\/\/www.best-dentist-dentistry.com\/de\/published-the-book-professional-development-and-employment-for-people-with-mental-illness-editorial-group-5\/22986","title":{"rendered":"Das Buch: professionelle Entwicklung und Besch\u00e4ftigung f\u00fcr Menschen mit psychischen Erkrankungen (redaktionelle Gruppe 5)"},"content":{"rendered":"<p><strong>Ver\u00f6ffentlichte das Buch: professionelle Entwicklung und Besch\u00e4ftigung f\u00fcr Menschen mit psychischen Erkrankungen (redaktionelle Gruppe 5)<\/strong> <\/p>\n<p><font size=\"2\"> <strong>Spanien, November 2012.-<\/strong> Handbuch, vorbereitet von Profis aus Disziplinen wie Psychologie, Ergotherapie, Sozialarbeit, soziale Integration, Technik und Bildung, Soziologie, Recht, Kommunikation und Vermarktung, verfolgen eine \u00dcbersichtskarte Dimensionen, Prinzipien, Strategien und Werkzeuge f\u00fcr die Fachleute, die berufliche Entwicklung von Menschen mit psychischen Erkrankungen zu unterst\u00fctzen werden.<\/p>\n<p> Ausschluss-R\u00e4ume, die die Pflege f\u00fcr Menschen mit psychischen Erkrankungen nachgegeben haben, um eine gemeinsame, soziale Verantwortung gepr\u00e4gt haben wo das Engagement aller Akteure und der Gesellschaft als Ganzes sollte, zum Aufbau der Gemeinschaft R\u00e4ume f\u00fcr Integration und Beteiligung gerichtet werden, eine wesentliche Voraussetzung f\u00fcr die Gew\u00e4hrleistung der Rechte der Staatsb\u00fcrgerschaft wird. <\/p>\n<p align=\"center\"><img loading=\"lazy\" decoding=\"async\" title=\"\" height=\"338\" alt=\"\" src=\"http:\/\/www.best-dentist-dentistry.com\/best-dentist-images\/published-the-book-professional-development-and-employment-for-people-with-mental-illness-editorial-group-5.jpg\" width=\"242\" align=\"baseline\" border=\"0\"\/><\/p>\n<p><em>Portada<\/em><\/p>\n<p>Este manual, elaborado por profesionales de disciplinas tan variadas como la psicolog&iacute;a, la terapia ocupacional, el trabajo social, la integraci&oacute;n social, las ciencias de la educaci&oacute;n, la sociolog&iacute;a, el derecho, la comunicaci&oacute;n y el marketing, traza un mapa general de las diversas dimensiones, principios, estrategias y herramientas que permitir&aacute;n a los profesionales apoyar el desarrollo profesional de las personas con enfermedad mental. <\/p>\n<p><strong>Blatt <br \/><\/strong><br \/> berufliche Weiterentwicklung und Besch\u00e4ftigung f\u00fcr Menschen mit psychischen Erkrankungen <br \/> \u00d3scar S\u00e1nchez Rodr\u00edguez (Coord.) <br \/>684 Seiten <br \/> 35,95\u20ac <br \/> ISBN: 9788493894801 <br \/> redaktionelle Gruppe 5 <\/p>\n<p><\/font><\/p>\n","protected":false},"excerpt":{"rendered":"<p>Ver\u00f6ffentlichte das Buch: professionelle Entwicklung und Besch\u00e4ftigung f\u00fcr Menschen mit psychischen Erkrankungen (redaktionelle Gruppe 5) Spanien, November 2012.- Handbuch, vorbereitet von Profis aus Disziplinen wie Psychologie, Ergotherapie, Sozialarbeit, soziale Integration, Technik und Bildung, Soziologie, Recht, Kommunikation und Vermarktung, verfolgen eine \u00dcbersichtskarte Dimensionen, Prinzipien, Strategien und Werkzeuge f\u00fcr die Fachleute, die berufliche Entwicklung von Menschen mit [&hellip;]<\/p>\n","protected":false},"author":1,"featured_media":0,"comment_status":"close","ping_status":"open","sticky":false,"template":"","format":"standard","meta":{"footnotes":""},"categories":[3],"tags":[34099,34100,34098],"class_list":["post-22986","post","type-post","status-publish","format-standard","hentry","category-allgemeine","tag-redaktionelle","tag-34100","tag-development","et-doesnt-have-format-content","et_post_format-et-post-format-standard"],"_links":{"self":[{"href":"https:\/\/www.best-dentist-dentistry.com\/de\/wp-json\/wp\/v2\/posts\/22986","targetHints":{"allow":["GET"]}}],"collection":[{"href":"https:\/\/www.best-dentist-dentistry.com\/de\/wp-json\/wp\/v2\/posts"}],"about":[{"href":"https:\/\/www.best-dentist-dentistry.com\/de\/wp-json\/wp\/v2\/types\/post"}],"author":[{"embeddable":true,"href":"https:\/\/www.best-dentist-dentistry.com\/de\/wp-json\/wp\/v2\/users\/1"}],"replies":[{"embeddable":true,"href":"https:\/\/www.best-dentist-dentistry.com\/de\/wp-json\/wp\/v2\/comments?post=22986"}],"version-history":[{"count":0,"href":"https:\/\/www.best-dentist-dentistry.com\/de\/wp-json\/wp\/v2\/posts\/22986\/revisions"}],"wp:attachment":[{"href":"https:\/\/www.best-dentist-dentistry.com\/de\/wp-json\/wp\/v2\/media?parent=22986"}],"wp:term":[{"taxonomy":"category","embeddable":true,"href":"https:\/\/www.best-dentist-dentistry.com\/de\/wp-json\/wp\/v2\/categories?post=22986"},{"taxonomy":"post_tag","embeddable":true,"href":"https:\/\/www.best-dentist-dentistry.com\/de\/wp-json\/wp\/v2\/tags?post=22986"}],"curies":[{"name":"wp","href":"https:\/\/api.w.org\/{rel}","templated":true}]}}