{"id":23008,"date":"2012-11-03T02:25:05","date_gmt":"2012-11-03T02:25:05","guid":{"rendered":null},"modified":"-0001-11-30T00:00:00","modified_gmt":"-0001-11-30T00:00:00","slug":"llamazares-criticizes-the-worrying-political-weakness-mato","status":"publish","type":"post","link":"https:\/\/www.best-dentist-dentistry.com\/de\/llamazares-criticizes-the-worrying-political-weakness-mato\/23008","title":{"rendered":"llamazares criticizes the worrying political weakness mato"},"content":{"rendered":"<p class=\"first\"> Madrid, 1 Apr (EFE).-der Stellvertreter von IU und Sprecher Parlamentarier in der Gesundheitskommission des Kongresses, Gaspar Llamazares, sagte heute, dass sowohl das Ministerium f\u00fcr Gesundheit, soziale Dienste und Geschlechter, wie sein Besitzer, Ana Mato, &#8220;haben in dieser kurzen Zeit eine Besorgnis erregende politische Schw\u00e4che&#8221;gezeigt.<\/p>\n<p>So Llamazares bezeichnet die Leistung des neuen Ministers w\u00e4hrend der ersten hundert Tage der beliebten Exekutive Ma\u00dfnahme, in denen seiner Ansicht &#8220;wird immer manifestieren sich in klarer Weise, dass Gesundheit keine politische Priorit\u00e4t f\u00fcr diese Regierung oder der PP&#8221;.<\/p>\n<p>&#8220;Ist daher wiederholt ein Szenario \u00e4hnlich, die nahm das platzieren den Gesetzgeber \u00fcbergeben mit der PSOE, die ist noch trauriger, wenn wir ber\u00fccksichtigen die gro\u00dfen Herausforderungen, die angegangen werden muss&#8221;, argumentierte er in einer Pressemitteilung.<\/p>\n<p>F\u00fcr Llamazares, Mato f\u00fchrt seine Arbeit mit einer &#8220;gesamte Pufferzeit&#8221; gegen\u00fcber den &#8220;gro\u00dfen&#8221; Anforderungen und Forderungen auf den Tisch von den Millionen von Nutzern des Gesundheitswesens, die Profis des Sektors und bestimmte soziale und Unternehmensgruppen, die im Zusammenhang mit der gleichen gelegt.<\/p>\n<p>Hat davor gewarnt, dass &#8220;diese bemerkenswerte mangelnde Initiative des Ministers wird hinzugef\u00fcgt, au\u00dferdem, dass seine Abteilung ist politisch in der Defensive, das Schlimmste, das passieren kann, in einem Ministerium dieser Merkmale&#8221;, t\u00f6nte hat die parlamentarische UI.<\/p>\n<p>&#8220;Mehr Vorschl\u00e4ge konstruktiv und effizient was zu dedizierten sein scheinen zu starten ist, Ziele zu stoppen und versuchen, die Schl\u00e4gen zu beenden, die sie von den autonomen Gemeinschaften, die am Rand der Beh\u00f6rde und reale M\u00e4chte, die das Gesundheitsministerium hat handeln kommen,&#8221;.<\/p>\n","protected":false},"excerpt":{"rendered":"<p>Madrid, 1 Apr (EFE).-der Stellvertreter von IU und Sprecher Parlamentarier in der Gesundheitskommission des Kongresses, Gaspar Llamazares, sagte heute, dass sowohl das Ministerium f\u00fcr Gesundheit, soziale Dienste und Geschlechter, wie sein Besitzer, Ana Mato, &#8220;haben in dieser kurzen Zeit eine Besorgnis erregende politische Schw\u00e4che&#8221;gezeigt. So Llamazares bezeichnet die Leistung des neuen Ministers w\u00e4hrend der ersten [&hellip;]<\/p>\n","protected":false},"author":1,"featured_media":0,"comment_status":"close","ping_status":"open","sticky":false,"template":"","format":"standard","meta":{"footnotes":""},"categories":[3],"tags":[],"class_list":["post-23008","post","type-post","status-publish","format-standard","hentry","category-allgemeine","et-doesnt-have-format-content","et_post_format-et-post-format-standard"],"_links":{"self":[{"href":"https:\/\/www.best-dentist-dentistry.com\/de\/wp-json\/wp\/v2\/posts\/23008","targetHints":{"allow":["GET"]}}],"collection":[{"href":"https:\/\/www.best-dentist-dentistry.com\/de\/wp-json\/wp\/v2\/posts"}],"about":[{"href":"https:\/\/www.best-dentist-dentistry.com\/de\/wp-json\/wp\/v2\/types\/post"}],"author":[{"embeddable":true,"href":"https:\/\/www.best-dentist-dentistry.com\/de\/wp-json\/wp\/v2\/users\/1"}],"replies":[{"embeddable":true,"href":"https:\/\/www.best-dentist-dentistry.com\/de\/wp-json\/wp\/v2\/comments?post=23008"}],"version-history":[{"count":0,"href":"https:\/\/www.best-dentist-dentistry.com\/de\/wp-json\/wp\/v2\/posts\/23008\/revisions"}],"wp:attachment":[{"href":"https:\/\/www.best-dentist-dentistry.com\/de\/wp-json\/wp\/v2\/media?parent=23008"}],"wp:term":[{"taxonomy":"category","embeddable":true,"href":"https:\/\/www.best-dentist-dentistry.com\/de\/wp-json\/wp\/v2\/categories?post=23008"},{"taxonomy":"post_tag","embeddable":true,"href":"https:\/\/www.best-dentist-dentistry.com\/de\/wp-json\/wp\/v2\/tags?post=23008"}],"curies":[{"name":"wp","href":"https:\/\/api.w.org\/{rel}","templated":true}]}}