{"id":23010,"date":"2012-11-03T02:25:19","date_gmt":"2012-11-03T02:25:19","guid":{"rendered":null},"modified":"-0001-11-30T00:00:00","modified_gmt":"-0001-11-30T00:00:00","slug":"flames-ravage-a-natural-park-of-great-value-in-galicia","status":"publish","type":"post","link":"https:\/\/www.best-dentist-dentistry.com\/de\/flames-ravage-a-natural-park-of-great-value-in-galicia\/23010","title":{"rendered":"flames ravage a natural park of great value in galicia"},"content":{"rendered":"<p class=\"first\"> <span class=\"yshortcuts\" id=\"lw_1333283260_0\"> MADRID<\/span> (Reuters) &#8211; <span class=\"yshortcuts\" id=\"lw_1333283260_1\"> Hunderte<\/span> von <span class=\"yshortcuts\" id=\"lw_1333283260_2\"> Hektar<\/span> <span class=\"yshortcuts\" id=\"lw_1333283260_3\"> wertvolle<\/span> \u00f6kologische zerst\u00f6rt wurde, von den <span class=\"yshortcuts\" id=\"lw_1333283260_4\"> Flammen<\/span> <span class=\"yshortcuts\" id=\"lw_1333283260_5\"> Sonntag<\/span> in <span class=\"yshortcuts\" id=\"lw_1333283260_6\"> Galicien<\/span>, wo andere <span class=\"yshortcuts\" id=\"lw_1333283260_7\"> Br\u00e4nde<\/span>, der erste <span class=\"yshortcuts\" id=\"lw_1333283260_8\"> Fr\u00fchling<\/span>, die von der D\u00fcrre mit hohem Brandrisiko erwartet wird gesteuert worden hatte.<\/p>\n<p>Das Feuer, das am Samstagnachmittag in den Naturpark begann, wie Fragas Eume, gilt als ein nat\u00fcrliches als eines der letzten atlantischen W\u00e4lder Europas, Paradies hatte Sonntag 750 Hektar, entsprechend der l\u00e4ndlichen Umweltministerium und die Marine von der Xunta verbrannt.<\/p>\n<p>&#8220;Es war und hoffentlich bleibt die beste Darstellung dieser Art von Wald (Atlantic Meeresspiegel)&#8221;. &#8220;Schadens ist absolut irreparablen, weil wir nicht eine andere \u00e4hnliche Sache,&#8221; sagte RNE Carlos Gutscheine, Direktor des Center for University Extension und aufsuchende Umwelt Galicien (CEIDA).<\/p>\n<p>Das Mikroklima im Bereich hat die Anwesenheit von Arten, die nicht in anderen Bereichen von Galicien, zeichnet sich durch sein feucht und regnerisch Wetter f\u00fcr viel des Jahres gesehen erlaubt.<\/p>\n<p>An der Arbeit der L\u00f6schmittel Feuer im Rat Coru\u00f1a A Capela arbeitete mehr als 100 Mitarbeiter, darunter Mitglieder der milit\u00e4rischen Einheit f\u00fcr Notf\u00e4lle und Luft Medien.<\/p>\n","protected":false},"excerpt":{"rendered":"<p>MADRID (Reuters) &#8211; Hunderte von Hektar wertvolle \u00f6kologische zerst\u00f6rt wurde, von den Flammen Sonntag in Galicien, wo andere Br\u00e4nde, der erste Fr\u00fchling, die von der D\u00fcrre mit hohem Brandrisiko erwartet wird gesteuert worden hatte. Das Feuer, das am Samstagnachmittag in den Naturpark begann, wie Fragas Eume, gilt als ein nat\u00fcrliches als eines der letzten atlantischen [&hellip;]<\/p>\n","protected":false},"author":1,"featured_media":0,"comment_status":"close","ping_status":"open","sticky":false,"template":"","format":"standard","meta":{"footnotes":""},"categories":[3],"tags":[],"class_list":["post-23010","post","type-post","status-publish","format-standard","hentry","category-allgemeine","et-doesnt-have-format-content","et_post_format-et-post-format-standard"],"_links":{"self":[{"href":"https:\/\/www.best-dentist-dentistry.com\/de\/wp-json\/wp\/v2\/posts\/23010","targetHints":{"allow":["GET"]}}],"collection":[{"href":"https:\/\/www.best-dentist-dentistry.com\/de\/wp-json\/wp\/v2\/posts"}],"about":[{"href":"https:\/\/www.best-dentist-dentistry.com\/de\/wp-json\/wp\/v2\/types\/post"}],"author":[{"embeddable":true,"href":"https:\/\/www.best-dentist-dentistry.com\/de\/wp-json\/wp\/v2\/users\/1"}],"replies":[{"embeddable":true,"href":"https:\/\/www.best-dentist-dentistry.com\/de\/wp-json\/wp\/v2\/comments?post=23010"}],"version-history":[{"count":0,"href":"https:\/\/www.best-dentist-dentistry.com\/de\/wp-json\/wp\/v2\/posts\/23010\/revisions"}],"wp:attachment":[{"href":"https:\/\/www.best-dentist-dentistry.com\/de\/wp-json\/wp\/v2\/media?parent=23010"}],"wp:term":[{"taxonomy":"category","embeddable":true,"href":"https:\/\/www.best-dentist-dentistry.com\/de\/wp-json\/wp\/v2\/categories?post=23010"},{"taxonomy":"post_tag","embeddable":true,"href":"https:\/\/www.best-dentist-dentistry.com\/de\/wp-json\/wp\/v2\/tags?post=23010"}],"curies":[{"name":"wp","href":"https:\/\/api.w.org\/{rel}","templated":true}]}}