{"id":23064,"date":"2012-11-03T02:33:58","date_gmt":"2012-11-03T02:33:58","guid":{"rendered":null},"modified":"-0001-11-30T00:00:00","modified_gmt":"-0001-11-30T00:00:00","slug":"health-convenes-the-first-sectoral-table-following-the-announcement-of-the-cuts-in-central-government","status":"publish","type":"post","link":"https:\/\/www.best-dentist-dentistry.com\/de\/health-convenes-the-first-sectoral-table-following-the-announcement-of-the-cuts-in-central-government\/23064","title":{"rendered":"health convenes the first sectoral table following the announcement of the cuts in central government"},"content":{"rendered":"<p class=\"first\"> MADRID, 3 (EUROPA PRESS)<\/p>\n<p>Das Ministerium der Gesundheit der <span class=\"yshortcuts\" id=\"lw_1336031446_0\"> Gemeinschaft von Madrid<\/span> hat gefordert, dass an diesem Donnerstag <span class=\"yshortcuts\" id=\"lw_1336031446_5\"> die erste sektorale Tabelle<\/span> nach der Ank\u00fcndigung des Ministers f\u00fcr das Bouquet, Ana Mato, der Ausschnitte in die Materie und \u00c4nderungen in Bezug auf die pharmazeutische Finanzierung und die Krankenversicherung Card<\/p>\n<p>Der Tagesordnung behandelt werden werden Basen Aufforderungen zur selektiven Prozesse und Ma\u00dfnahmen zur <span class=\"yshortcuts\" id=\"lw_1336031446_3\"> Personalwirtschaft<\/span> in Royal Legislativdekretes 16\/2012, <span class=\"yshortcuts\" id=\"lw_1336031446_2\"> dringender Handlungsbedarf<\/span>, &#8220;um die Nachhaltigkeit des <span class=\"yshortcuts\"id=\"lw_1336031446_1\"> nationalen Gesundheitssystems<\/span> sicherzustellen und zu verbessern, die Qualit\u00e4t und Sicherheit ihres Nutzens&#8221;.<\/p>\n<p>Ist auch in der Sitzung zwischen Management und Gewerkschaften, die Schiebe-Ver\u00e4nderungen in der Einstellung der Grundversorgung und die Verhandlungen \u00fcber die Verl\u00e4ngerung des Aufenthaltes im aktiven Dienst behandelt.<\/p>\n<p>Gewerkschaften wurden Anfordern einer Dringlichkeitssitzung in dem bot ihnen die entsprechenden Erl\u00e4uterungen wie gelten die neuen Ma\u00dfnahmen im Gesundheitsbereich der Comunidad de Madrid, als auch was sein wird, \u00c4nderungen in den Arbeits- und professionellen Bedingungen der 60.000 Arbeitnehmer in Madrid \u00f6ffentliche Gesundheit und die Auswirkungen, die dies beinhaltet.<\/p>\n<p>Dieses Treffen f\u00e4llt zusammen mit der Anwendung f\u00fcr mehrere Wochen die Verl\u00e4ngerung des Tages der Gesundheitsberufe auf 37,5 Stunden die Woche, eine Ma\u00dfnahme, die laut den Gewerkschaften und der <span class=\"yshortcuts\" id=\"lw_1336031446_4\"> Hochschule der \u00c4rzte von Madrid<\/span>, auch wirtschaftliche Vorteile ist.<\/p>\n","protected":false},"excerpt":{"rendered":"<p>MADRID, 3 (EUROPA PRESS) Das Ministerium der Gesundheit der Gemeinschaft von Madrid hat gefordert, dass an diesem Donnerstag die erste sektorale Tabelle nach der Ank\u00fcndigung des Ministers f\u00fcr das Bouquet, Ana Mato, der Ausschnitte in die Materie und \u00c4nderungen in Bezug auf die pharmazeutische Finanzierung und die Krankenversicherung Card Der Tagesordnung behandelt werden werden Basen [&hellip;]<\/p>\n","protected":false},"author":1,"featured_media":0,"comment_status":"close","ping_status":"open","sticky":false,"template":"","format":"standard","meta":{"footnotes":""},"categories":[3],"tags":[],"class_list":["post-23064","post","type-post","status-publish","format-standard","hentry","category-allgemeine","et-doesnt-have-format-content","et_post_format-et-post-format-standard"],"_links":{"self":[{"href":"https:\/\/www.best-dentist-dentistry.com\/de\/wp-json\/wp\/v2\/posts\/23064","targetHints":{"allow":["GET"]}}],"collection":[{"href":"https:\/\/www.best-dentist-dentistry.com\/de\/wp-json\/wp\/v2\/posts"}],"about":[{"href":"https:\/\/www.best-dentist-dentistry.com\/de\/wp-json\/wp\/v2\/types\/post"}],"author":[{"embeddable":true,"href":"https:\/\/www.best-dentist-dentistry.com\/de\/wp-json\/wp\/v2\/users\/1"}],"replies":[{"embeddable":true,"href":"https:\/\/www.best-dentist-dentistry.com\/de\/wp-json\/wp\/v2\/comments?post=23064"}],"version-history":[{"count":0,"href":"https:\/\/www.best-dentist-dentistry.com\/de\/wp-json\/wp\/v2\/posts\/23064\/revisions"}],"wp:attachment":[{"href":"https:\/\/www.best-dentist-dentistry.com\/de\/wp-json\/wp\/v2\/media?parent=23064"}],"wp:term":[{"taxonomy":"category","embeddable":true,"href":"https:\/\/www.best-dentist-dentistry.com\/de\/wp-json\/wp\/v2\/categories?post=23064"},{"taxonomy":"post_tag","embeddable":true,"href":"https:\/\/www.best-dentist-dentistry.com\/de\/wp-json\/wp\/v2\/tags?post=23064"}],"curies":[{"name":"wp","href":"https:\/\/api.w.org\/{rel}","templated":true}]}}