{"id":23077,"date":"2012-11-03T02:35:30","date_gmt":"2012-11-03T02:35:30","guid":{"rendered":null},"modified":"-0001-11-30T00:00:00","modified_gmt":"-0001-11-30T00:00:00","slug":"the-eu-countries-have-doubts-about-the-fund-against-global-warming","status":"publish","type":"post","link":"https:\/\/www.best-dentist-dentistry.com\/de\/the-eu-countries-have-doubts-about-the-fund-against-global-warming\/23077","title":{"rendered":"the eu countries have doubts about the fund against global warming"},"content":{"rendered":"<p class=\"first\"> Br\u00fcssel (Reuters)-die Nationen der Europ\u00e4ischen Union Fragen sich, wie man den Multimillionen-Dollar-Fonds zur Bek\u00e4mpfung des Klimawandels, zu decken, so wie die Kommission mit den L\u00e4ndern, die Gespr\u00e4che zu das Gewicht der extremen klimatischen Bedingungen zu tragen haben.<\/p>\n<p>Der Europ\u00e4ischen Union ratifiziert sein Engagement f\u00fcr das Bereitstellen von 7,2 Milliarden Euro f\u00fcr den Fonds im Zeitraum 2010-2012 nach den Entwurf von Schlussfolgerungen von Reuters vor einem Treffen der Finanzminister der Europ\u00e4ischen Union gesehen, n\u00e4chste Woche stattfinden.<\/p>\n<p>, Aber danach ist die Menge des Geldes, die flie\u00dfen, wird so unsicher als Text &#8211; vor dem Hintergrund der akuten Wirtschaftskrise Auswirkungen auf das Euro-W\u00e4hrungsgebiet-, da die Staaten nur die Notwendigkeit &#8220;, erweitern die Finanzierung f\u00fcr das Klima von 2013 bis 2020&#8221; ge\u00e4u\u00dfert haben, aber ohne Angabe wie.<\/p>\n<p>The Green Klima Fonds zielt auf Kanal bis zu 100 Milliarden Dollar (68,18 Millionen Euro) im Jahr 2020 Hilfe Entwicklungsl\u00e4nder gegen die negativen Auswirkungen des Klimawandels.<\/p>\n<p>Design einigte sich auf dem internationalen Gipfel des Klimas, der letztes Jahr in der Stadt von Durban stattfand.<\/p>\n<p>Der EU-Kommissar f\u00fcr Klima Connie Hedegaard, k\u00e4mpft f\u00fcr die fragile Vereinbarung mit dem Ziel des Haltens lebendig des Prozess der Vereinten Nationen Klima \u00e4ndern.<\/p>\n<p>W\u00e4hrend der Montag und Dienstag, gibt es mehrere informelle Gespr\u00e4che in Br\u00fcssel mit Mitgliedern des was einige beschrieben habe &#8220;der Koalition Ehrgeiz&#8221;, Antizipation, so dass die Gespr\u00e4che, da\u00df es die UN in Bonn diesen Monat halten wird.<\/p>\n<p>Der Koalition ist die Union der Staaten der EU, das B\u00fcndnis der kleinen Insel Staaten und am wenigsten entwickelten L\u00e4nder, die eine f\u00fchrende beim Schmieden einer Einigung \u00fcber das Kyoto-Protokoll Rolle gegen die globale Erw\u00e4rmung bei den Gespr\u00e4chen in Durban am Leben zu halten.<\/p>\n<p>&#8220;Ich habe eingeladen nach Br\u00fcssel heute und morgen eine Gruppe von 30 ehrgeizige L\u00e4nder, vertreten durch ihren Ministern zu diskutieren, wie wir diesen Schwung zu halten und weiterhin Ziele gemeinsam vorw\u00e4rts&#8221; Hedegaard sagte in einer Erkl\u00e4rung.<\/p>\n<p>&#8220;Ter\u00e7o&#8221;<\/p>\n<p>Der NGO Oxfam sagte die &#8220;Unnachgiebigkeit&#8221; einige Mitglieder der Europ\u00e4ischen Union, die die Koalition gef\u00e4hrdet sind, da sie die Verpflichtungen zur Finanzierung von Verpflichtungen nach 2012 Befragung wurden.<\/p>\n<p>&#8220;In einem kritischen Moment im Kampf gegen den Klimawandel, Europa scheint sitzen anstatt zu beschleunigen, werden&#8221;, sagte Klima-Experte f\u00fcr Oxfam, liegt Craeynest.<\/p>\n<p>Debatte konzentriert sich auch auf wie gro\u00df etwas von dem Geld, das der Europ\u00e4ischen Union, in bestimmten 20,45 Millionen Euro von insgesamt 76 Milliarden bringt aus der Privatwirtschaft, kommen sollte, die den Bedarf an \u00f6ffentlichen Mitteln verringern w\u00fcrde.<\/p>\n<p>Die Entwurf von Schlussfolgerungen des Ministertreffens der EU sagte, dass &#8220;Weitere Anstrengungen erforderlich sind, zu kl\u00e4ren, das Konzept der privaten Finanzierung und ihren Beitrag zu der Summe von $ 100 Milliarden&#8221;.<\/p>\n<p>Etwas von dem Geld konnte durch die Preise der Schifffahrt und Luftfahrt, erreichen, obwohl diese Quellen im Moment fraglich sind.<\/p>\n<p>Seit Januar haben alle Fluggesellschaften, die Verwendung von EU-Flugh\u00e4fen zum Ausgleich von CO2 durch das Emissionshandelssystem (ETS), die den Protest einiger L\u00e4nder nicht Mitglieder der EU provoziert.<\/p>\n<p>Das Niveau der Proteste in der Agentur im Rahmen der Vereinten Nationen, der internationalen Organisation der zivilen Luftfahrt (ICAO), einen Gesamtplan zur Bek\u00e4mpfung von Emissionen aus der Luftfahrt zu entwickeln intensiviert.<\/p>\n<p>Wenn es erreicht wird, rechtfertigen die \u00c4nderung des Gemeinschaftssystems, die Kommission gesagt.<\/p>\n<p>Die Europ\u00e4ische Kommission sagte, dass die EU gezwungen worden war, eine solche L\u00f6sung Tras\u00b4una Jahrzehnt ergebnislos Gespr\u00e4che Fluggesellschaften ICAO aufzuzwingen.<\/p>\n<p>Die Kommission arbeitet auch mit der International Maritime Organisation (IOM) nach einer L\u00f6sung den Seeverkehr-Emissionen suchen.<\/p>\n<p>In den Bericht mit den Schlussfolgerungen wurden aufgefordert, &#8220;die EU und ihre Mitgliedstaaten ein st\u00e4rkeres Engagement in den Verhandlungen mit der ICAO und IMO, Kohlenstoff zu unterst\u00fctzen zu erreichen Preise Systeme&#8221;.<\/p>\n","protected":false},"excerpt":{"rendered":"<p>Br\u00fcssel (Reuters)-die Nationen der Europ\u00e4ischen Union Fragen sich, wie man den Multimillionen-Dollar-Fonds zur Bek\u00e4mpfung des Klimawandels, zu decken, so wie die Kommission mit den L\u00e4ndern, die Gespr\u00e4che zu das Gewicht der extremen klimatischen Bedingungen zu tragen haben. Der Europ\u00e4ischen Union ratifiziert sein Engagement f\u00fcr das Bereitstellen von 7,2 Milliarden Euro f\u00fcr den Fonds im Zeitraum [&hellip;]<\/p>\n","protected":false},"author":1,"featured_media":0,"comment_status":"close","ping_status":"open","sticky":false,"template":"","format":"standard","meta":{"footnotes":""},"categories":[3],"tags":[],"class_list":["post-23077","post","type-post","status-publish","format-standard","hentry","category-allgemeine","et-doesnt-have-format-content","et_post_format-et-post-format-standard"],"_links":{"self":[{"href":"https:\/\/www.best-dentist-dentistry.com\/de\/wp-json\/wp\/v2\/posts\/23077","targetHints":{"allow":["GET"]}}],"collection":[{"href":"https:\/\/www.best-dentist-dentistry.com\/de\/wp-json\/wp\/v2\/posts"}],"about":[{"href":"https:\/\/www.best-dentist-dentistry.com\/de\/wp-json\/wp\/v2\/types\/post"}],"author":[{"embeddable":true,"href":"https:\/\/www.best-dentist-dentistry.com\/de\/wp-json\/wp\/v2\/users\/1"}],"replies":[{"embeddable":true,"href":"https:\/\/www.best-dentist-dentistry.com\/de\/wp-json\/wp\/v2\/comments?post=23077"}],"version-history":[{"count":0,"href":"https:\/\/www.best-dentist-dentistry.com\/de\/wp-json\/wp\/v2\/posts\/23077\/revisions"}],"wp:attachment":[{"href":"https:\/\/www.best-dentist-dentistry.com\/de\/wp-json\/wp\/v2\/media?parent=23077"}],"wp:term":[{"taxonomy":"category","embeddable":true,"href":"https:\/\/www.best-dentist-dentistry.com\/de\/wp-json\/wp\/v2\/categories?post=23077"},{"taxonomy":"post_tag","embeddable":true,"href":"https:\/\/www.best-dentist-dentistry.com\/de\/wp-json\/wp\/v2\/tags?post=23077"}],"curies":[{"name":"wp","href":"https:\/\/api.w.org\/{rel}","templated":true}]}}