{"id":23128,"date":"2012-11-03T02:43:55","date_gmt":"2012-11-03T02:43:55","guid":{"rendered":null},"modified":"-0001-11-30T00:00:00","modified_gmt":"-0001-11-30T00:00:00","slug":"indians-accuse-morales-of-violating-human-rights-in-meeting-with-insulza","status":"publish","type":"post","link":"https:\/\/www.best-dentist-dentistry.com\/de\/indians-accuse-morales-of-violating-human-rights-in-meeting-with-insulza\/23128","title":{"rendered":"indians accuse morales of violating human rights in meeting with insulza"},"content":{"rendered":"<p class=\"first\"> Cochabamba (Bolivien), 3 jun (EFE).-Bolivia indigener nach La Paz gegen eine Stra\u00dfe in der Tipnis-Park marschieren Amazon heute beschuldigt Pr\u00e4sident Evo Morales der Verletzung seiner Rechte und diejenigen der anderen Bolivianer, bei einem Treffen mit dem Generalsekret\u00e4r der OAS, Jos\u00e9 Miguel Insulza.<\/p>\n<p>Native F\u00fchrer Adolfo Ch\u00e1vez, Fernando Vargas, Rafael Quispe u.a. traf sich mit Insulza, f\u00fcr mehr als eine Stunde im Hotel in Cochabamba, wo in den n\u00e4chsten paar Stunden werden, die 42 Assembly der regionalen Stelle installiert.<\/p>\n<p>Vargas, Anf\u00fchrer der ethnischen Gruppen des Territoriums Ind\u00edgena Parque Nacional Isiboro Secure (Tipnis), berichtete, dass sie Insulza erkl\u00e4rt, &#8220;dass die Rechte der indigenen V\u00f6lker und auch das bolivianische Volk von dieser Regierung verletzt werden weil niemand nichts sagen kann, wenn nicht weil er verfolgt und verfolgt wird&#8221;.<\/p>\n<p>&#8220;Ist nicht hier speziell f\u00fcr ein Projekt der Stra\u00dfe, aber das Leben der indigenen V\u00f6lker diese Verletzung, die wir leiden haben&#8221;, betonte der F\u00fchrer, der den Weg nach La Paz auf Nachfrage Morales nicht, bestehen die Arbeit f\u00fchrt die brasilianische Firma OAS gebaut.<\/p>\n<p>Ist die zweite Mobilisierung der indigenen V\u00f6lker des Amazonas in weniger als einem Jahr, seit zwischen August und Oktober die ersten gedr\u00fcckt Morales, ein Gesetz zu erlassen, die Autobahn, verbietet, von denen der Vertreter dann bereut.<\/p>\n<p>Nach Vargas, Insulza versprochen zu fordern, Berichte der Regierung Morales \u00fcber die Untersuchungen durchgef\u00fchrt, bisher \u00fcber die brutalen Polizei\u00fcbergriff erlitt der Ureinwohner am 25. September bei der ersten Ausf\u00fchrung.<\/p>\n<p>Hinzugef\u00fcgt, die die Regierung nicht &#8220;also weit nichts&#8221; um zu kl\u00e4ren, warum dieser Vorgang, in einer Kabinett-Krise, die mit Folge mehrere R\u00fccktritte in der Regierung und Verteidigung Ministerien aufgetreten.<\/p>\n<p>Amazonas ethnische Gruppen argumentieren, dass die Tipnis eine \u00f6kologische Reserve von gro\u00dfem Wert f\u00fcr seine au\u00dfergew\u00f6hnlichen Fauna und Flora und l\u00e4uft Gefahr wird von den Herstellern der Kokabl\u00e4tter, Rohmaterial von Kokain aus der Umgebung von Chapare, politische und gewerkschaftliche Bastion Morales eingedrungen.<\/p>\n<p>&#8220;\u00dcber das Thema Park, erz\u00e4hlte von der Front es eine Verletzung der Rechte ist.&#8221; &#8220;Der Garant dieser Rechte mu\u00df sein&#8221;, sagte Quispe, und hinzugef\u00fcgt, dass Insulza mitverantwortlich f\u00fcr den Schutz ihrer Rechte werden.<\/p>\n<p>Der indigenen Bev\u00f6lkerung hinzugef\u00fcgt, die sie angefordert haben, Insulza, die der Interamerikanischen Kommission f\u00fcr Menschenrechte (IACHR) erhielt von ihm w\u00e4hrend der 42 Versammlung, die bis Dienstag weiterhin, ihre Forderungen zu erkl\u00e4ren. EFE<\/p>\n<p>ja\/bin\/Jrh<\/p>\n","protected":false},"excerpt":{"rendered":"<p>Cochabamba (Bolivien), 3 jun (EFE).-Bolivia indigener nach La Paz gegen eine Stra\u00dfe in der Tipnis-Park marschieren Amazon heute beschuldigt Pr\u00e4sident Evo Morales der Verletzung seiner Rechte und diejenigen der anderen Bolivianer, bei einem Treffen mit dem Generalsekret\u00e4r der OAS, Jos\u00e9 Miguel Insulza. Native F\u00fchrer Adolfo Ch\u00e1vez, Fernando Vargas, Rafael Quispe u.a. traf sich mit Insulza, [&hellip;]<\/p>\n","protected":false},"author":1,"featured_media":0,"comment_status":"close","ping_status":"open","sticky":false,"template":"","format":"standard","meta":{"footnotes":""},"categories":[3],"tags":[],"class_list":["post-23128","post","type-post","status-publish","format-standard","hentry","category-allgemeine","et-doesnt-have-format-content","et_post_format-et-post-format-standard"],"_links":{"self":[{"href":"https:\/\/www.best-dentist-dentistry.com\/de\/wp-json\/wp\/v2\/posts\/23128","targetHints":{"allow":["GET"]}}],"collection":[{"href":"https:\/\/www.best-dentist-dentistry.com\/de\/wp-json\/wp\/v2\/posts"}],"about":[{"href":"https:\/\/www.best-dentist-dentistry.com\/de\/wp-json\/wp\/v2\/types\/post"}],"author":[{"embeddable":true,"href":"https:\/\/www.best-dentist-dentistry.com\/de\/wp-json\/wp\/v2\/users\/1"}],"replies":[{"embeddable":true,"href":"https:\/\/www.best-dentist-dentistry.com\/de\/wp-json\/wp\/v2\/comments?post=23128"}],"version-history":[{"count":0,"href":"https:\/\/www.best-dentist-dentistry.com\/de\/wp-json\/wp\/v2\/posts\/23128\/revisions"}],"wp:attachment":[{"href":"https:\/\/www.best-dentist-dentistry.com\/de\/wp-json\/wp\/v2\/media?parent=23128"}],"wp:term":[{"taxonomy":"category","embeddable":true,"href":"https:\/\/www.best-dentist-dentistry.com\/de\/wp-json\/wp\/v2\/categories?post=23128"},{"taxonomy":"post_tag","embeddable":true,"href":"https:\/\/www.best-dentist-dentistry.com\/de\/wp-json\/wp\/v2\/tags?post=23128"}],"curies":[{"name":"wp","href":"https:\/\/api.w.org\/{rel}","templated":true}]}}