{"id":23162,"date":"2012-11-03T03:11:17","date_gmt":"2012-11-03T03:11:17","guid":{"rendered":null},"modified":"-0001-11-30T00:00:00","modified_gmt":"-0001-11-30T00:00:00","slug":"the-protests-in-favour-of-public-health-do-not-exceed-the-1000-people","status":"publish","type":"post","link":"https:\/\/www.best-dentist-dentistry.com\/de\/the-protests-in-favour-of-public-health-do-not-exceed-the-1000-people\/23162","title":{"rendered":"the protests in favour of public health do not exceed the 1000 people"},"content":{"rendered":"<p class=\"first\"> Madrid, 6.Okt (EFE).-die Mobilisierungen in der Verteidigung der \u00f6ffentlichen Gesundheit im Land von verschiedenen kollektiven sozialen ohne die Unterst\u00fctzung der wichtigsten Gewerkschaften einberufen wurden in einigen wenigen St\u00e4dten abgehalten und Menschen mit Hilfe, die nicht die 1.000 bestanden haben in jedem Fall.<\/p>\n<p>&#8220;Gegen die Privatisierung \u00f6ffentlicher Dienstleistungen: Aufhebung aller Gesetze, die es erm\u00f6glichen&#8221; oder &#8220;Gesundheit f\u00fcr alle: keine Ausgrenzung zu irregul\u00e4ren Migranten&#8221; sind einige der die wiederholten Parolen an den Protesten, die als der H\u00f6hepunkt der Europ\u00e4ischen Woche in Verteidigung der \u00f6ffentlichen Gesundheitssysteme gedient haben gleichzeitig in neun europ\u00e4ischen L\u00e4ndern organisiert.<\/p>\n<p>Mit diese Proteste, haben die Demonstranten das &#8220;Europ\u00e4ische Manifest gegen die Kommerzialisierung des Gesundheitssystems&#8221;, die von Angeh\u00f6rigen der Gesundheitsberufe aus der Europ\u00e4ischen Union unterzeichnet, lehnt die Privatisierung des Gesundheitswesens und gleichberechtigten Zugang zu &#8220;einer hochwertigen Gesundheitsversorgung ohne Unterschied von Rasse, Geschlecht, Religion oder sozialem Status&#8221; erfordert angeschlossen.<\/p>\n<p>Bei der Organisation eines Systems der Gesundheit ist eine \u00f6ffentliche Verantwortung, entsprechend das Manifest, die die F\u00e4higkeiten von ihren Professionals warnt sind Desvirtuar\u00edan, &#8220;Wenn die Patientenversorgung von grundlegend wirtschaftlichen Kriterien definiert wurde&#8221;<\/p>\n<p>In Madrid bei der Verteidigung der \u00f6ffentlichen Gesundheitsorganisationen haben kollektive soziale mit Bezug zu anderen Bereichen wie Bildung, soziale Intervention und Transport angeschlossen.<\/p>\n<p>Hat wollte um somit Zusammenf\u00fchrung der vier Sektoren &#8220;in Gefahr der Privatisierung&#8221; in Spanien, erkl\u00e4rte EfE Sprecher der Public Health Antiprivatizacion-Koordinator von Madrid (CAS), Antonio G\u00f3mez, kurz vor Beginn des Marsches, hat eingerahmt zwischen der Plaza de Neptuno und der Sevilla-Stra\u00dfe.<\/p>\n<p>Gomez hat sichergestellt, dass der Trend zur Privatisierung \u00f6ffentlicher Dienstleistungen in Europa und mit eine \u00e4hnliche Regelung allgemeine ist.<\/p>\n<p>&#8220;Es verschlechtert sich \u00f6ffentliche Dienstleistungen, dann sie einf\u00fchren Privatunternehmen um Sie, und gehen, wenig durch wenig, Verwalten von m\u00f6glichst viel des \u00f6ffentlichen Sektors in die H\u00e4nde von privaten f\u00fcr Profit-Unternehmen&#8221;, prangerte den Sprecher des Koordinators, die heute mehr als drei\u00dfig Verb\u00e4nde beigetreten sind.<\/p>\n<p>In Valencia, wurden mehr als ein Dutzend Gruppen, einschlie\u00dflich Gewerkschaften, die Verteidigung der \u00f6ffentlichen Gesundheit und gegen die Privatisierung dieses Dienstes, f\u00fcr die nicht &#8220;ein Gesch\u00e4ft&#8221;, als betete einige Banner Scharten haben.<\/p>\n<p>Die Manifestation hat begonnen vom Plaza de San Agust\u00edn zum Abschluss seiner Tour im alten Krankenhaus La Fe.<\/p>\n<p>F\u00fcr Rafael Reig, einer der Sprecher der Inter-Union Valenciana, Valencia durch &#8220;eine kritische Zeit bei der Inbetriebnahme der geteilten Verwaltung war f\u00fcr zehn Tage die valencianische Regierung beschlossen und gilt am 1. Januar 2013&#8221;.<\/p>\n<p>Hingewiesen, der Marsch nahm an Hunderte von Menschen, darunter auch &#8220;Yayoflautas&#8221; und junge Menschen, die behaupten &#8220;die \u00f6ffentliche Gesundheit allen Lebens, nicht das wir auferlegen wollen&#8221;.<\/p>\n<p>Des Aufrufs erf\u00fcllt in Sevilla rund hundert Menschen an einer Demonstration, die von der Plaza der Pelikan begonnen hat und im Krankenhaus Macarena, geschlossen w\u00e4hrend der quadratischen Booties, Leon, etwa siebzig Menschen haben verteidigte Volksgesundheit als &#8220;Menschenrecht&#8221;.<\/p>\n<p>. Der Vertreter der Gruppe der Debatte in der Arbeitswelt &#8211; verbunden mit dem 15-M von Le\u00f3n-Pilar Garc\u00eda, hat argumentiert, dass die Leonesische Bewegung wollte dieser Aufruf &#8220;nehmen diesen Tag des Kampfes auf die Stra\u00dfe&#8221; und warnen, dass K\u00fcrzungen im Gesundheitswesen zum Ziel der Privatisierung beziehen m\u00fcssen.<\/p>\n<p>Plaza de San Francisco de Pamplona war die Szene in Navarra der Konzentration, in der einige 60 Personen nahmen teil. Eine Parodie und ein Gleichnis des Spiels Gans gedient haben die Veranstalter um die Folgen der Privatisierung des Gesundheitswesens verf\u00fcgbar zu machen.<\/p>\n","protected":false},"excerpt":{"rendered":"<p>Madrid, 6.Okt (EFE).-die Mobilisierungen in der Verteidigung der \u00f6ffentlichen Gesundheit im Land von verschiedenen kollektiven sozialen ohne die Unterst\u00fctzung der wichtigsten Gewerkschaften einberufen wurden in einigen wenigen St\u00e4dten abgehalten und Menschen mit Hilfe, die nicht die 1.000 bestanden haben in jedem Fall. &#8220;Gegen die Privatisierung \u00f6ffentlicher Dienstleistungen: Aufhebung aller Gesetze, die es erm\u00f6glichen&#8221; oder &#8220;Gesundheit [&hellip;]<\/p>\n","protected":false},"author":1,"featured_media":0,"comment_status":"close","ping_status":"open","sticky":false,"template":"","format":"standard","meta":{"footnotes":""},"categories":[3],"tags":[34280],"class_list":["post-23162","post","type-post","status-publish","format-standard","hentry","category-allgemeine","tag-lsemitteln","et-doesnt-have-format-content","et_post_format-et-post-format-standard"],"_links":{"self":[{"href":"https:\/\/www.best-dentist-dentistry.com\/de\/wp-json\/wp\/v2\/posts\/23162","targetHints":{"allow":["GET"]}}],"collection":[{"href":"https:\/\/www.best-dentist-dentistry.com\/de\/wp-json\/wp\/v2\/posts"}],"about":[{"href":"https:\/\/www.best-dentist-dentistry.com\/de\/wp-json\/wp\/v2\/types\/post"}],"author":[{"embeddable":true,"href":"https:\/\/www.best-dentist-dentistry.com\/de\/wp-json\/wp\/v2\/users\/1"}],"replies":[{"embeddable":true,"href":"https:\/\/www.best-dentist-dentistry.com\/de\/wp-json\/wp\/v2\/comments?post=23162"}],"version-history":[{"count":0,"href":"https:\/\/www.best-dentist-dentistry.com\/de\/wp-json\/wp\/v2\/posts\/23162\/revisions"}],"wp:attachment":[{"href":"https:\/\/www.best-dentist-dentistry.com\/de\/wp-json\/wp\/v2\/media?parent=23162"}],"wp:term":[{"taxonomy":"category","embeddable":true,"href":"https:\/\/www.best-dentist-dentistry.com\/de\/wp-json\/wp\/v2\/categories?post=23162"},{"taxonomy":"post_tag","embeddable":true,"href":"https:\/\/www.best-dentist-dentistry.com\/de\/wp-json\/wp\/v2\/tags?post=23162"}],"curies":[{"name":"wp","href":"https:\/\/api.w.org\/{rel}","templated":true}]}}