{"id":23205,"date":"2012-11-04T02:23:35","date_gmt":"2012-11-04T02:23:35","guid":{"rendered":null},"modified":"-0001-11-30T00:00:00","modified_gmt":"-0001-11-30T00:00:00","slug":"the-pope-called-for-a-new-and-open-society-in-cuba","status":"publish","type":"post","link":"https:\/\/www.best-dentist-dentistry.com\/de\/the-pope-called-for-a-new-and-open-society-in-cuba\/23205","title":{"rendered":"the pope called for a new and open society in cuba"},"content":{"rendered":"<p class=\"first\"> <span class=\"yshortcuts\" id=\"lw_1332826215_0\"> SANTIAGO DE CUBA<\/span> (Reuters) &#8211; Papst <span class=\"yshortcuts\" id=\"lw_1332826215_1\"> Benedikt XVI.<\/span> am <span class=\"yshortcuts\" id=\"lw_1332826215_2\"> Montag<\/span> dr\u00e4ngte <span class=\"yshortcuts\" id=\"lw_1332826215_3\"> Kubaner<\/span>, eine neue und offene Gesellschaft des sozialistischen Landes zu bauen, die St\u00e4rkung der <span class=\"yshortcuts\" id=\"lw_1332826215_4\"> Beziehungen<\/span> mit der <span class=\"yshortcuts\" id=\"lw_1332826215_5\"> Regierung<\/span> von <span class=\"yshortcuts\" id=\"lw_1332826215_6\"> Raul<\/span> Castro, die public-Rolle der Kirche in Zeiten des Wandels zu steigern, die <span class=\"yshortcuts\" id=\"lw_1332826215_7\"> Hoffnungen<\/span> und \u00c4ngste auf der karibischen Insel generiert haben soll.<\/p>\n<p>Der <span class=\"yshortcuts\" id=\"lw_1332826215_8\"> Heilige Vater<\/span> begann einen dreit\u00e4gigen Besuch, die viele hoffen, dass die Kirche ihre Macht mit der Kommunistischen Partei, die einzige legale auf der Insel, in Sachen so sensibel wie Menschenrechte, politische Freiheiten und Dissidentengruppen vermitteln erh\u00f6ht.<\/p>\n<p>&rsquo; w\u00fcnschen, rufen Sie ihren Glauben (&#8230;) neue Kraft verleihen und mit den Waffen der Frieden, Vergebung und Kompression, k\u00e4mpfen, um den Aufbau einer Gesellschaft \u00f6ffnen und erneuert, eine bessere, mehr w\u00fcrdigen Mann Gesellschaft &#8220;, sagte den Bischof von Rom in eine massive Homilie, die unter einer sengenden Sonne begann und mit einem leichten Nieselregen beendete bew\u00e4ssert.<\/p>\n<p>Der Papst wurde von Pr\u00e4sident Castro bei der Flughafen von Santiago De Cuba unter den donnernden Gru\u00df der Schluchten und dem Jubel von Tausenden von Menschen in eine Hommage an die Virgen De La Caridad, nationale F\u00f6rderer, in seinen 400. Geburtstag begr\u00fc\u00dft.<\/p>\n<p>Die historische Begegnung zwischen Juan Pablo II und ehemaliger Pr\u00e4sident Fidel Castro im Jahr 1998 die Feindschaft zwischen den beiden Institutionen seit dem Triumph der Revolution 1959 ein Ende gesetzt.<\/p>\n<p>Der katholischen Kirche geworden seitdem der Hauptpartner der Regierung, trotz der Tatsache, dass die beiden einflussreichsten Institutionen der Insel in seinen Ansichten \u00fcber die Zukunft des sozialistischen Modells gegnerischen beibehalten.<\/p>\n<p>&#8220;gibt es noch viele M\u00f6glichkeiten, in dem Sie k\u00f6nnen und sollten vorw\u00e4rts, insbesondere in Bezug auf den wesentlichen Beitrag, die die Religion zu berufen ist, in der \u00d6ffentlichkeit der Gesellschaft zu spielen&#8221;, sagte der Papst, in makellos wei\u00df gekleidet, in seine ersten Worte nach die Insel erreichen.<\/p>\n<p>Aber mit weniger Magnetismus-Medien, dass ihre jeweiligen Vorg\u00e4nger, Ra\u00fal Castro und Benedicto XVI als pragmatischer F\u00fchrer und die Begegnung gesehen werden k\u00f6nnte einen Schl\u00fcssel Allianz Zement, in Momenten, in denen die Regierung sucht, die Wirtschaft zu aktualisieren, ohne Verzicht auf die marxistische Ideologie.<\/p>\n<p>&#8220;die Nation verfolgt immer alles \u00e4ndern, was nach den h\u00f6chsten Bestrebungen des kubanischen Volkes und die kostenlose Teilnahme an den bedeutsamen Entscheidungen unserer Gesellschaft ge\u00e4ndert werden m\u00fcssen&#8221; sagte Castro, Maroon gekleidet im schwarzen Anzug, Krawatte und ein paar ger\u00e4ucherte Brille.<\/p>\n<p>Fair Bestrebungen<\/p>\n<p>84-J\u00e4hrige Benedicto XVI begann eine kurze Tour zur Wiederbelebung des katholischen Glaubens gegen die wachsende Push beliebte protestantische Glaubensrichtungen in der Region. In seines Durchganges durch Mexiko, der Papst verurteilt die Gewalt durch den Drogenhandel, die in den letzten f\u00fcnf Jahren mehr als 50.000 Leben getroffen hat.<\/p>\n<p>Tausende von Menschen gab einen jubelnden Empfang zu den deutschen Pontifex schreien und winken Flaggen in einer atemberaubenden 8 km Menschenkette, die den Pfad der dem Papamobil auf dem Zentrum von Santiago, der zweitgr\u00f6\u00dften Stadt des Landes 900 Kilometer \u00f6stlich von Havanna trat.<\/p>\n<p>&#8220;Carry in meinem Herzen die gerade Bestrebungen und legitimen W\u00fcnsche alle Kubaner egal wo sie sind&#8221;, versichert seine Eminenz am Flughafen, eine Aussage, die wahrscheinlich auch von den kubanischen Dissidenten und verbannten Gruppen in USA empfangen werden.<\/p>\n<p>Das graue sang, tanzte und skandierten Parolen zugunsten der Papst vor der Predigt und die Spannung sprunghaft als kam das Virgen De La Caridad mit Blumenstr\u00e4u\u00dfe Blumen und seine jeweled Mantel, Hauptrolle in die vierte Ausfahrt, die das urspr\u00fcngliche Bild des Heiligtums der El Cobre, wenige Kilometer von Santiago gemacht hat.<\/p>\n<p>Am Dienstag, der Papst wird zollen der nationalen Schutzpatron, ein Symbol f\u00fcr die Gl\u00e4ubigen und Atheisten auf der Insel, da sie in das Meer von den Fischern 1612 f\u00fcr weitere Nachmittag fliegen Sie nach Havanna formell Treffen mit Raul.<\/p>\n<p>Es ist nicht klar, ob Benedicto XVI auch Treffen mit Fidel, 85 Jahre alt, oder mit dem venezolanischen Pr\u00e4sidenten Hugo Ch\u00e1vez, der ist in Kuba in der Strahlentherapie um den Krebs zu bek\u00e4mpfen, die letztes Jahr diagnostiziert wurde.<\/p>\n<p>, Planen jedoch nicht auf seine Tagesordnung erhalten Dissidenten, die f\u00fcr eine Minute Ihrer Zeit gebeten hatte, Forderungen nach mehr politische Freiheit und Menschenrechte im Land zu erh\u00f6hen.<\/p>\n<p>Die Damen in wei\u00df, eine Gruppe von katholischen Frauen fordern die Freilassung von politischen Gefangenen, sagte, dass die Beh\u00f6rden ein Kuba zeigen Ihnen &#8220;die ist nicht vorhanden&#8221; und stellen Sie sicher, dass sie ihnen manifestiert sich bei den Papst-Besuch verboten haben.<\/p>\n<p>\/ Pro Nelson Acosta \/<\/p>\n","protected":false},"excerpt":{"rendered":"<p>SANTIAGO DE CUBA (Reuters) &#8211; Papst Benedikt XVI. am Montag dr\u00e4ngte Kubaner, eine neue und offene Gesellschaft des sozialistischen Landes zu bauen, die St\u00e4rkung der Beziehungen mit der Regierung von Raul Castro, die public-Rolle der Kirche in Zeiten des Wandels zu steigern, die Hoffnungen und \u00c4ngste auf der karibischen Insel generiert haben soll. Der Heilige [&hellip;]<\/p>\n","protected":false},"author":1,"featured_media":0,"comment_status":"close","ping_status":"open","sticky":false,"template":"","format":"standard","meta":{"footnotes":""},"categories":[3],"tags":[],"class_list":["post-23205","post","type-post","status-publish","format-standard","hentry","category-allgemeine","et-doesnt-have-format-content","et_post_format-et-post-format-standard"],"_links":{"self":[{"href":"https:\/\/www.best-dentist-dentistry.com\/de\/wp-json\/wp\/v2\/posts\/23205","targetHints":{"allow":["GET"]}}],"collection":[{"href":"https:\/\/www.best-dentist-dentistry.com\/de\/wp-json\/wp\/v2\/posts"}],"about":[{"href":"https:\/\/www.best-dentist-dentistry.com\/de\/wp-json\/wp\/v2\/types\/post"}],"author":[{"embeddable":true,"href":"https:\/\/www.best-dentist-dentistry.com\/de\/wp-json\/wp\/v2\/users\/1"}],"replies":[{"embeddable":true,"href":"https:\/\/www.best-dentist-dentistry.com\/de\/wp-json\/wp\/v2\/comments?post=23205"}],"version-history":[{"count":0,"href":"https:\/\/www.best-dentist-dentistry.com\/de\/wp-json\/wp\/v2\/posts\/23205\/revisions"}],"wp:attachment":[{"href":"https:\/\/www.best-dentist-dentistry.com\/de\/wp-json\/wp\/v2\/media?parent=23205"}],"wp:term":[{"taxonomy":"category","embeddable":true,"href":"https:\/\/www.best-dentist-dentistry.com\/de\/wp-json\/wp\/v2\/categories?post=23205"},{"taxonomy":"post_tag","embeddable":true,"href":"https:\/\/www.best-dentist-dentistry.com\/de\/wp-json\/wp\/v2\/tags?post=23205"}],"curies":[{"name":"wp","href":"https:\/\/api.w.org\/{rel}","templated":true}]}}