{"id":23268,"date":"2012-11-04T02:33:43","date_gmt":"2012-11-04T02:33:43","guid":{"rendered":null},"modified":"-0001-11-30T00:00:00","modified_gmt":"-0001-11-30T00:00:00","slug":"family-doctors-remember-that-education-and-poverty-influence-when-it-comes-to-good-health","status":"publish","type":"post","link":"https:\/\/www.best-dentist-dentistry.com\/de\/family-doctors-remember-that-education-and-poverty-influence-when-it-comes-to-good-health\/23268","title":{"rendered":"family doctors remember that education and poverty influence when it comes to good health"},"content":{"rendered":"<p class=\"first\"> MADRID, 27 (EUROPA PRESS)<\/p>\n<p>Die spanischen Gesellschaften <span class=\"yshortcuts\" id=\"lw_1335543305_1\"> von Familie und Gemeinschaft Medizin<\/span> (SemFYC) und die <span class=\"yshortcuts\" id=\"lw_1335543305_2\"> \u00f6ffentliche Gesundheit<\/span> und Sanit\u00e4r Verwaltung (SESPAS) erinnert an die Rolle der sozialen Determinanten, wie Armut, Arbeitslosigkeit und Bildung, wenn es darum, gute Gesundheit geht, also f\u00fcr die Gew\u00e4hrleistung des Rechts auf universal Gesundheit Fragen<\/p>\n<p>Im Rahmen der Nationalkonferenz auf Gesundheit, Gemeinschaft, die in Barcelona stattfindet, beide Firmen haben, betont die Bedeutung der Erhaltung von Eigenkapital und Ansatz f\u00fcr Gesundheit in allen Politikbereichen sowie ein Gemeinschaftskonzept als Ma\u00dfnahme zur Mitverantwortung in der Gesundheit der Menschen f\u00f6rdern gebeten haben.<\/p>\n<p>Schlie\u00dflich beide Entit\u00e4ten haben sich verpflichtet ein Konsensusdokument von Community Health, offen f\u00fcr die Beteiligung anderer wissenschaftlicher Gesellschaften und sozialen Einrichtungen zu entwickeln.  <\/p>\n","protected":false},"excerpt":{"rendered":"<p>MADRID, 27 (EUROPA PRESS) Die spanischen Gesellschaften von Familie und Gemeinschaft Medizin (SemFYC) und die \u00f6ffentliche Gesundheit und Sanit\u00e4r Verwaltung (SESPAS) erinnert an die Rolle der sozialen Determinanten, wie Armut, Arbeitslosigkeit und Bildung, wenn es darum, gute Gesundheit geht, also f\u00fcr die Gew\u00e4hrleistung des Rechts auf universal Gesundheit Fragen Im Rahmen der Nationalkonferenz auf Gesundheit, [&hellip;]<\/p>\n","protected":false},"author":1,"featured_media":0,"comment_status":"close","ping_status":"open","sticky":false,"template":"","format":"standard","meta":{"footnotes":""},"categories":[3],"tags":[],"class_list":["post-23268","post","type-post","status-publish","format-standard","hentry","category-allgemeine","et-doesnt-have-format-content","et_post_format-et-post-format-standard"],"_links":{"self":[{"href":"https:\/\/www.best-dentist-dentistry.com\/de\/wp-json\/wp\/v2\/posts\/23268","targetHints":{"allow":["GET"]}}],"collection":[{"href":"https:\/\/www.best-dentist-dentistry.com\/de\/wp-json\/wp\/v2\/posts"}],"about":[{"href":"https:\/\/www.best-dentist-dentistry.com\/de\/wp-json\/wp\/v2\/types\/post"}],"author":[{"embeddable":true,"href":"https:\/\/www.best-dentist-dentistry.com\/de\/wp-json\/wp\/v2\/users\/1"}],"replies":[{"embeddable":true,"href":"https:\/\/www.best-dentist-dentistry.com\/de\/wp-json\/wp\/v2\/comments?post=23268"}],"version-history":[{"count":0,"href":"https:\/\/www.best-dentist-dentistry.com\/de\/wp-json\/wp\/v2\/posts\/23268\/revisions"}],"wp:attachment":[{"href":"https:\/\/www.best-dentist-dentistry.com\/de\/wp-json\/wp\/v2\/media?parent=23268"}],"wp:term":[{"taxonomy":"category","embeddable":true,"href":"https:\/\/www.best-dentist-dentistry.com\/de\/wp-json\/wp\/v2\/categories?post=23268"},{"taxonomy":"post_tag","embeddable":true,"href":"https:\/\/www.best-dentist-dentistry.com\/de\/wp-json\/wp\/v2\/tags?post=23268"}],"curies":[{"name":"wp","href":"https:\/\/api.w.org\/{rel}","templated":true}]}}