{"id":23471,"date":"2012-11-05T02:48:56","date_gmt":"2012-11-05T02:48:56","guid":{"rendered":null},"modified":"-0001-11-30T00:00:00","modified_gmt":"-0001-11-30T00:00:00","slug":"spain-believes-that-the-dependency-law-reform-is-a-kickback-on-it-to-change-its-orientation","status":"publish","type":"post","link":"https:\/\/www.best-dentist-dentistry.com\/de\/spain-believes-that-the-dependency-law-reform-is-a-kickback-on-it-to-change-its-orientation\/23471","title":{"rendered":"Spanien glaubt, dass die Abh\u00e4ngigkeit Rechtsreform &#8220;Kickback&#8221; darauf, seine Orientierung zu \u00e4ndern"},"content":{"rendered":"<p class=\"first\"> MADRID, 10 (EUROPA PRESS)<\/p>\n<p>Der Minister f\u00fcr Gesundheit und Soziales von der Junta de Andaluc\u00eda, Mar\u00eda Jes\u00fas Montero, Dienstag beklagt hat, dass die Reform des Rechts der pers\u00f6nlichen Autonomie und Pflege-Abh\u00e4ngigkeit &#8220;Kickback&#8221; bei der Entwicklung der gleichen angenommen, weil &#8220;es \u00e4ndert sich die Orientierung des Modells&#8221;.<\/p>\n<p>Die einer Pressekonferenz nach der territorialen Rat des Systems der Autonomie und Aufmerksamkeit auf die Abh\u00e4ngigkeit, die im Ministerium-Hauptquartier, in Madrid, entwickelt wurde damit die vorgeschlagenen erstklassige Wohn-Vorteile, die in der famili\u00e4ren Umgebung, insofern gem\u00e4\u00df der Dokumentation auftreten, die von Minister Ana Mato Fonds Verteilung geliefert wurde wird ge\u00e4ndert, um zu erkennen, hat der Berater bereut nicht nur Angeh\u00f6rige unterst\u00fctzt aber auch f\u00fcr den Typ des Dienstes zwingende.<\/p>\n<p>Erg\u00e4nzung, Montero ist &#8220;Paradox&#8221;, dass es dazu neigt, geben mehr Bedeutung f\u00fcr Wohn-Ressourcen ohne technische Studien, die es auch garantiert. In diesem Zusammenhang festgestellt, dass es Abweichungen von einigen Gemeinden in dieser Hinsicht gewesen und hat darauf hingewiesen, dass diese \u00c4nderung des Modells m\u00f6glicherweise akzeptabel in Gro\u00dfst\u00e4dten, wo es nicht so viele famili\u00e4re Netzwerke, die Pflege der Mitarbeiter, jedoch nicht in einer l\u00e4ndlichen Gemeinde wie Andalusien, &#8220;wo ist die Einstellung der Menschen zu Hause zu folgen&#8221;.<\/p>\n<p>Aus seiner Sicht der Reichtum des Gesetzes liegt in der Sozialarbeiter, in jedem Fall welche die besten Ressourcen f\u00fcr jeden Benutzer und hat davor gewarnt, dass diese Ehrerbietung zu den wohnen-Diensten soll an autonomen Gemeinschaften zu reagieren, die &#8220;eine gro\u00dfe Investition in den H\u00e4usern gemacht haben und jetzt haben Schwierigkeiten, sie zu f\u00fcllen&#8221;.<\/p>\n<p>Der andalusischen-Berater hatte bereits zu Beginn des Treffens, dass K\u00fcrzungen der Regierung im Bereich der sozialen Dienstleistungen und Abh\u00e4ngigkeit 7.000 Arbeitspl\u00e4tze in h\u00e4usliche Pflege in Andalusien gef\u00e4hrdet gewarnt und hatten sich beschwert, dass zus\u00e4tzlich zur Erh\u00f6hung des wirtschaftlichen Beitrags, den Benutzer zu machen, ist &#8220;institutionalisieren&#8221; Dienstleistungen.<\/p>\n","protected":false},"excerpt":{"rendered":"<p>MADRID, 10 (EUROPA PRESS) Der Minister f\u00fcr Gesundheit und Soziales von der Junta de Andaluc\u00eda, Mar\u00eda Jes\u00fas Montero, Dienstag beklagt hat, dass die Reform des Rechts der pers\u00f6nlichen Autonomie und Pflege-Abh\u00e4ngigkeit &#8220;Kickback&#8221; bei der Entwicklung der gleichen angenommen, weil &#8220;es \u00e4ndert sich die Orientierung des Modells&#8221;. Die einer Pressekonferenz nach der territorialen Rat des Systems [&hellip;]<\/p>\n","protected":false},"author":1,"featured_media":0,"comment_status":"close","ping_status":"open","sticky":false,"template":"","format":"standard","meta":{"footnotes":""},"categories":[3],"tags":[34586,34585],"class_list":["post-23471","post","type-post","status-publish","format-standard","hentry","category-allgemeine","tag-abhngigkeit-rechtsreform","tag-stornierenuu","et-doesnt-have-format-content","et_post_format-et-post-format-standard"],"_links":{"self":[{"href":"https:\/\/www.best-dentist-dentistry.com\/de\/wp-json\/wp\/v2\/posts\/23471","targetHints":{"allow":["GET"]}}],"collection":[{"href":"https:\/\/www.best-dentist-dentistry.com\/de\/wp-json\/wp\/v2\/posts"}],"about":[{"href":"https:\/\/www.best-dentist-dentistry.com\/de\/wp-json\/wp\/v2\/types\/post"}],"author":[{"embeddable":true,"href":"https:\/\/www.best-dentist-dentistry.com\/de\/wp-json\/wp\/v2\/users\/1"}],"replies":[{"embeddable":true,"href":"https:\/\/www.best-dentist-dentistry.com\/de\/wp-json\/wp\/v2\/comments?post=23471"}],"version-history":[{"count":0,"href":"https:\/\/www.best-dentist-dentistry.com\/de\/wp-json\/wp\/v2\/posts\/23471\/revisions"}],"wp:attachment":[{"href":"https:\/\/www.best-dentist-dentistry.com\/de\/wp-json\/wp\/v2\/media?parent=23471"}],"wp:term":[{"taxonomy":"category","embeddable":true,"href":"https:\/\/www.best-dentist-dentistry.com\/de\/wp-json\/wp\/v2\/categories?post=23471"},{"taxonomy":"post_tag","embeddable":true,"href":"https:\/\/www.best-dentist-dentistry.com\/de\/wp-json\/wp\/v2\/tags?post=23471"}],"curies":[{"name":"wp","href":"https:\/\/api.w.org\/{rel}","templated":true}]}}