{"id":23489,"date":"2012-11-05T02:50:20","date_gmt":"2012-11-05T02:50:20","guid":{"rendered":null},"modified":"-0001-11-30T00:00:00","modified_gmt":"-0001-11-30T00:00:00","slug":"portuguese-doctors-answer-settings-with-the-largest-strike-in-its-history","status":"publish","type":"post","link":"https:\/\/www.best-dentist-dentistry.com\/de\/portuguese-doctors-answer-settings-with-the-largest-strike-in-its-history\/23489","title":{"rendered":"Portugiesische \u00c4rzte beantworten Einstellungen mit dem gr\u00f6\u00dften Streik in ihrer Geschichte"},"content":{"rendered":"<p class=\"first\"> Lissabon, 11 jul (EFE).-die portugiesischen \u00c4rzte heute mobilisiert massiv gegen die Einstellungen f\u00fcr \u00f6ffentliche Gesundheit und linken minimalen gesundheitlichen Leistungen am ersten Tag einen 48-Stunden-Streik als die gr\u00f6\u00dfte in der Geschichte der Industrie.<\/p>\n<p>Arbeitslosigkeit wurde gemeinsam organisiert zum ersten Mal in 25 Jahren vom offiziellen College of \u00c4rzte Portugiesisch und seine zwei wichtigsten Gewerkschaften.<\/p>\n<p>Als Sprecher f\u00fcr diese neuesten Organisationen, Mitgliedschaft war mehr als 90 Prozent und f\u00fchrte dar\u00fcber hinaus zu einem Protest vor dem Hauptquartier des Ministeriums f\u00fcr Gesundheit in Lissabon.<\/p>\n<p>In the Central Avenida Jo\u00e3o CRIS\u00d3STOMO Hauptstadt versammelten sich Tausende \u00c4rzte zwischen 2.000 und 4.000, nach Angaben der Organisatoren, nicht von den Beh\u00f6rden kommentiert.<\/p>\n<p>Von sehr unterschiedlichen Alters, aber alle gekleidet in den traditionellen wei\u00dfes Gewand und schwarzer Armbinden, Demonstranten protestierten Schnitte in der portugiesischen Regierung Gesundheit.<\/p>\n<p>Der Streik, die bis morgen Abend dauern wird, hat nur die Wirkungsweise von Dringlichkeiten und einige Konsultationen der wichtigsten portugiesischen Gesundheitsdienste, heute er mit einer Anzahl von \u00c4rzten \u00e4hnlich dem Sonn- oder Feiertagen arbeitete erlaubt.<\/p>\n<p>The Executive nicht bieten Daten \u00fcber die Auswirkungen des Protestes, obwohl die Medien einig, dass Gesundheitszentren und Krankenhausbesuche der gr\u00f6\u00dften St\u00e4dte des Landes fast leer waren.<\/p>\n<p>In Sichtweite der \u00c4rzte sind die Anpassungen und Reformen, die von der portugiesischen Regierung f\u00fcr den Sektor, der nach Ansicht der \u00c4rzte des \u00f6ffentlichen Gesundheitswesens gef\u00e4hrdet genehmigt.<\/p>\n<p>Angewendet, die von den konservativen Executive Kosten Einsparungen innerhalb der strengen Sparma\u00dfnahmen nahm in den letzten Monaten um das Haushaltsdefizit zu verringern und die Einhaltung der Verpflichtungen gegen\u00fcber der Europ\u00e4ischen Union und des Internationalen W\u00e4hrungsfonds im Gegenzug f\u00fcr ihre finanzielle Hilfe umrahmt werden.<\/p>\n<p>Seit Beginn des Jahres, bezahlen die Portugiesen \u00fcber Doppel f\u00fcr bestimmte Dienstleistungen im Gesundheitswesen \u2013 die in Portugal war bereits &#8220;Bedarfsartikel&#8221;-, als die Medizin-Konsultationen, allgemeine und Familie (von 2,25 bis 5 Euro), den Notstand (von 8.6 bis zwischen 15 und 20 Euro) und Konsultationen zu Hause (von 4,8 auf 10 Euro).<\/p>\n<p>Die Entscheidung der \u00c4rzte gehen auf Streik kam, jedoch, wenn die Regierung begann, Gesundheitsdienste mit privaten Firmen auszulagern.<\/p>\n<p>&#8220;Getan hat, dass Sie uns Geduld, beendete&#8221; sagte heute in Aussagen zu EFE Armando Brito, 54 Jahre und Familie von Quinta do Conde Lissabon Gesundheitszentrum Arzt.<\/p>\n<p>Brito kritisiert Pl\u00e4ne Ausschreibungen an private Unternehmen zu vergeben, dass sie dann weiterzuvergeben \u00c4rzte vor\u00fcbergehend oder als Freiberufler, &#8220;zu den besten Preis geboten&#8221;, ohne die Kennzeichnung einer Mindestgrenze.<\/p>\n<p>Der Leiter der offiziellen \u00c4rztekammer Luso, Jos\u00e9 Manuel Silva, warnte letzte Woche, dass diese Politik \u00c4rzte f\u00fcr weniger als drei Euro die Stunde mieten k\u00f6nnte wann sind sie jetzt acht bis zehn Euro bezahlt.<\/p>\n<p>&#8220;Gefertigt werden, ohne auf der Suche, blind, schneidet und auf die Einstellung von \u00c4rzten schutzbed\u00fcrftigsten, ohne Alternative, manchmal auch ohne so viel Training wie bisher f\u00fchren w\u00fcrde, das w\u00fcrde zu einer Verschlechterung der Dienst am Patienten f\u00fchren&#8221;, sagte Alberto Brito.<\/p>\n<p>In der Tat Fachleute heute au\u00dferhalb des Ministeriums versammelt waren, Plakate und Aufkleber bei Bedarf seine Anspr\u00fcche auf das Recht der B\u00fcrger auf einen gesundheitlichen Qualit\u00e4t verteidigen.<\/p>\n<p>sie haben auch die &#8220;Erfolge&#8221; des \u00f6ffentlichen Gesundheitswesens, vor 30 Jahren daran erinnert und es hat geholfen, Portugal, sich als eines der L\u00e4nder in der Welt mit niedrigsten S\u00e4uglingssterblichkeit unter andere Indikatoren zu positionieren.<\/p>\n<p>Die Auswirkungen der K\u00fcrzungen wurde auch gewarnt, der Portugiesisch-Informationsstelle der Systeme der Gesundheit, die Richtlinieneinstellungen gewarnt und die Verarmung der Bev\u00f6lkerung behindert den Zugang der B\u00fcrger zu Gesundheit.<\/p>\n","protected":false},"excerpt":{"rendered":"<p>Lissabon, 11 jul (EFE).-die portugiesischen \u00c4rzte heute mobilisiert massiv gegen die Einstellungen f\u00fcr \u00f6ffentliche Gesundheit und linken minimalen gesundheitlichen Leistungen am ersten Tag einen 48-Stunden-Streik als die gr\u00f6\u00dfte in der Geschichte der Industrie. Arbeitslosigkeit wurde gemeinsam organisiert zum ersten Mal in 25 Jahren vom offiziellen College of \u00c4rzte Portugiesisch und seine zwei wichtigsten Gewerkschaften. Als [&hellip;]<\/p>\n","protected":false},"author":1,"featured_media":0,"comment_status":"close","ping_status":"open","sticky":false,"template":"","format":"standard","meta":{"footnotes":""},"categories":[3],"tags":[34595],"class_list":["post-23489","post","type-post","status-publish","format-standard","hentry","category-allgemeine","tag-zucht","et-doesnt-have-format-content","et_post_format-et-post-format-standard"],"_links":{"self":[{"href":"https:\/\/www.best-dentist-dentistry.com\/de\/wp-json\/wp\/v2\/posts\/23489","targetHints":{"allow":["GET"]}}],"collection":[{"href":"https:\/\/www.best-dentist-dentistry.com\/de\/wp-json\/wp\/v2\/posts"}],"about":[{"href":"https:\/\/www.best-dentist-dentistry.com\/de\/wp-json\/wp\/v2\/types\/post"}],"author":[{"embeddable":true,"href":"https:\/\/www.best-dentist-dentistry.com\/de\/wp-json\/wp\/v2\/users\/1"}],"replies":[{"embeddable":true,"href":"https:\/\/www.best-dentist-dentistry.com\/de\/wp-json\/wp\/v2\/comments?post=23489"}],"version-history":[{"count":0,"href":"https:\/\/www.best-dentist-dentistry.com\/de\/wp-json\/wp\/v2\/posts\/23489\/revisions"}],"wp:attachment":[{"href":"https:\/\/www.best-dentist-dentistry.com\/de\/wp-json\/wp\/v2\/media?parent=23489"}],"wp:term":[{"taxonomy":"category","embeddable":true,"href":"https:\/\/www.best-dentist-dentistry.com\/de\/wp-json\/wp\/v2\/categories?post=23489"},{"taxonomy":"post_tag","embeddable":true,"href":"https:\/\/www.best-dentist-dentistry.com\/de\/wp-json\/wp\/v2\/tags?post=23489"}],"curies":[{"name":"wp","href":"https:\/\/api.w.org\/{rel}","templated":true}]}}