{"id":2350,"date":"2011-11-14T18:03:17","date_gmt":"2011-11-14T18:03:17","guid":{"rendered":null},"modified":"-0001-11-30T00:00:00","modified_gmt":"-0001-11-30T00:00:00","slug":"manifesto-of-oviedo-against-stigma-in-mental-health","status":"publish","type":"post","link":"https:\/\/www.best-dentist-dentistry.com\/de\/manifesto-of-oviedo-against-stigma-in-mental-health\/2350","title":{"rendered":"Manifest von Oviedo   gegen Stigma in psychischen Gesundheit."},"content":{"rendered":"<p><strong>Manifest von Oviedo &#8211; gegen Stigma in Gesundheit Mental.<\/strong> <\/p>\n<p><font size=\"2\"> <strong>Spanien, November 2011 &#8211;<\/strong> die spanische Verfassung, eines ihrer Grundrechte garantiert das Recht auf Gleichbehandlung und Nichtdiskriminierung alle Spanisch <\/p>\n<p>Die Strategie f\u00fcr psychische Gesundheit 2009-2013 des Ministeriums f\u00fcr Gesundheit, Soziales und Gleichstellung, manifest als eines der allgemeinen Ziele, in Punkt 3:  Beseitigung der Stigmatisierung und Diskriminierung mit Menschen mit psychischen St\u00f6rungen verbundenen &#8221;. <\/p>\n<p>Insbesondere hat die diagnostizierten Person St\u00f6rung im allgemeinen und der schweren psychischen St\u00f6rungen gelitten und erlitt das Stigma eines Gro\u00dfteils der Gesellschaft, die zusammen mit den Folgen ihrer Krankheit ihrer pers\u00f6nliche Entwicklung erschweren. <\/p>\n<p>Unangemessene Medien Behandlung, Mangel an wissen, dass sie Erkrankungen zugeordnete anormale Funktion des Gehirns, manchmal unvorhersehbare Entwicklungen, das Tabu gegen Selbstmord und vor allem Angst vor Gewalt sind, immer vergr\u00f6\u00dfert, dazu f\u00fchren, dass einen ungerechtfertigten und sch\u00e4dlichen sozialen Isolation. <\/p>\n<p>Grundrechte wie Zugang zu Studien, Zugang zur Besch\u00e4ftigung, Integration in Ihre Umgebung, das Paar Leben, stark behindern hinzugef\u00fcgt, wenn die Sicherheitsanf\u00e4lligkeit und der Verlust des Selbstwertgef\u00fchls, fast immer je nach dem Grad ihrer Integration der Beteiligung der Familie. <\/p>\n<p>Im Rahmen der 15. National Congress of Psychiatry in Oviedo, und um dieses Problem offen zu legen, die spanischen psychiatrischen Gesellschaft, die spanische Gesellschaft f\u00fcr biologische Psychiatrie und der spanischen Stiftung f\u00fcr Psychiatrie und psychische Gesundheit m\u00f6chte Zustand: <\/p>\n<p>-eine besser informierte Gesellschaftverliert die \u00c4ngste und reagiert auf eine Art und Weise mehr Solidarit\u00e4t. <\/p>\n<p> &#8211; gef\u00e4hrliche Beziehung zu Gewalttaten der Person mit einer psychischen Krankheit ist nicht die Norm in ihrem Verhalten und sie m\u00fcssen ber\u00fccksichtigt werden, wie sie sind, Fakten isoliert. <\/p>\n<p>-, dass Menschen mit psychischen Erkrankung nicht keine Verantwortung f\u00fcr die Entstehung und Entwicklung der gleichen. <\/p>\n<p>-, dass Geisteskrankheit nicht Sin\u00f3Nimo Inkompetenz oder Unf\u00e4higkeit, die grundlegenden Aufgaben des Lebens entwickeln <\/p>\n<p>-, dass die Tabus der Krankheit zu brechen und verstehe, dass jede Person ein anderen Patienten helfen sie sehen anders aus allen Bereichen der Gesellschaft. <\/p>\n<p>-die Person mit einer psychischen Krankheit ist nat\u00fcrlich wie jede andere aber erfordert noch mehr Sorgfalt und Akzeptanz der Umgebung f\u00fcr ihre Verbesserung. <\/p>\n<p> \u2013, die die geistigen F\u00e4higkeiten des Menschen mit psychischen Erkrankungen sind als derjenigen der \u00fcbrigen Bev\u00f6lkerung und daher k\u00f6nnen die gleiche F\u00e4higkeit vor Training akademischen. <\/p>\n<p>-F\u00e4higkeiten und Kompetenzen des Menschen mit psychischen Erkrankungen sind \u00e4hnlich wie die Person ohne Geisteskrankheit und kann daher die gleiche Kapazit\u00e4t, eine Profesi\u00f3 zu entwickelnn oder Ex Officio. <\/p>\n<p>-die einige Menschen mit psychischen Erkrankungen nicht entwickeln k\u00f6nnen ein Standard arbeiten, aber in den meisten dieser F\u00e4lle kann es die Art und Weise \u00fcberwacht und angepasst auf ihre Ebene Funktionsweise. <\/p>\n<p>-Gesundheitsbeh\u00f6rden k\u00f6nnen und m\u00fcssen Bem\u00fchungen f\u00fcr die Integration von Personen mit psychischen Erkrankungen als B\u00fcrger voll rechts. verdoppeln, <\/p>\n<p>-Das muss die offensive, ungenau, unzureichende Begriffe, die Verwirrung, Alarm- und Bef\u00fcrchtungen generieren ausgerottet werden. <\/p>\n<p>-, Dass die Medien die Stigmatisierung verbunden mit psychischen Erkrankungen Beseitigung k\u00f6nnen. <\/p>\n<p>Schlie\u00dflich wollen wir verschwinden insgesamt alle Formen der Diskriminierung, bewusst oder nicht, mit der \u00dcberzeugung, die gekoppelt, Fortschritte in der Behandlung und bessere beruflichen Kenntnisse, wird es eine tragende S\u00e4ule f\u00fcr die Normalisierung der viele Menschen heute psychischen Gesundheitsproblemen leiden. <\/p>\n<p>Manifest von Oviedo gegen Stigma in psychischen <\/p>\n<p> Oviedo, 8, 11. November 2011 <\/p>\n<p><\/font><\/p>\n","protected":false},"excerpt":{"rendered":"<p>Manifest von Oviedo &#8211; gegen Stigma in Gesundheit Mental. Spanien, November 2011 &#8211; die spanische Verfassung, eines ihrer Grundrechte garantiert das Recht auf Gleichbehandlung und Nichtdiskriminierung alle Spanisch Die Strategie f\u00fcr psychische Gesundheit 2009-2013 des Ministeriums f\u00fcr Gesundheit, Soziales und Gleichstellung, manifest als eines der allgemeinen Ziele, in Punkt 3: Beseitigung der Stigmatisierung und Diskriminierung [&hellip;]<\/p>\n","protected":false},"author":1,"featured_media":0,"comment_status":"close","ping_status":"open","sticky":false,"template":"","format":"standard","meta":{"footnotes":""},"categories":[3],"tags":[8692,8693],"class_list":["post-2350","post","type-post","status-publish","format-standard","hentry","category-allgemeine","tag-psychiatry","tag-stigma","et-doesnt-have-format-content","et_post_format-et-post-format-standard"],"_links":{"self":[{"href":"https:\/\/www.best-dentist-dentistry.com\/de\/wp-json\/wp\/v2\/posts\/2350","targetHints":{"allow":["GET"]}}],"collection":[{"href":"https:\/\/www.best-dentist-dentistry.com\/de\/wp-json\/wp\/v2\/posts"}],"about":[{"href":"https:\/\/www.best-dentist-dentistry.com\/de\/wp-json\/wp\/v2\/types\/post"}],"author":[{"embeddable":true,"href":"https:\/\/www.best-dentist-dentistry.com\/de\/wp-json\/wp\/v2\/users\/1"}],"replies":[{"embeddable":true,"href":"https:\/\/www.best-dentist-dentistry.com\/de\/wp-json\/wp\/v2\/comments?post=2350"}],"version-history":[{"count":0,"href":"https:\/\/www.best-dentist-dentistry.com\/de\/wp-json\/wp\/v2\/posts\/2350\/revisions"}],"wp:attachment":[{"href":"https:\/\/www.best-dentist-dentistry.com\/de\/wp-json\/wp\/v2\/media?parent=2350"}],"wp:term":[{"taxonomy":"category","embeddable":true,"href":"https:\/\/www.best-dentist-dentistry.com\/de\/wp-json\/wp\/v2\/categories?post=2350"},{"taxonomy":"post_tag","embeddable":true,"href":"https:\/\/www.best-dentist-dentistry.com\/de\/wp-json\/wp\/v2\/tags?post=2350"}],"curies":[{"name":"wp","href":"https:\/\/api.w.org\/{rel}","templated":true}]}}