{"id":23506,"date":"2012-11-06T03:29:15","date_gmt":"2012-11-06T03:29:15","guid":{"rendered":null},"modified":"-0001-11-30T00:00:00","modified_gmt":"-0001-11-30T00:00:00","slug":"rudy-fernandez-basketball-player-has-lived-a-day-in-a-wheelchair-in-qualified","status":"publish","type":"post","link":"https:\/\/www.best-dentist-dentistry.com\/de\/rudy-fernandez-basketball-player-has-lived-a-day-in-a-wheelchair-in-qualified\/23506","title":{"rendered":"Rudy Fern\u00e1ndez Basketballspieler hat einen Tag im Rollstuhl in qualifizierten gelebt."},"content":{"rendered":"<p><strong>Rudy Fern\u00e1ndez Basketballspieler lebte einen Tag im Rollstuhl in &#8216; qualifizierter &#8217;. <br \/><\/strong><font size=\"2\"> <\/p>\n<p><\/font><font size=\"2\">-in der Serie, Charaktere aus der Welt der Kultur, Kunst, die Szene und den Sport selbstlos eignen sich Live einen Tag mit einer Behinderung <\/p>\n<p><strong>Spanien, November 2012.-<\/strong> Die 2 ausgestellt im f\u00fcnfte Kapitel des &#8216; qualifizierte &#8217;, die Serie, in dem verschiedene beliebte Charaktere aus der Welt der Kunst, Kultur und Sport Leben einen Tag Ihres Lebens mit einer Behinderung akzeptieren. Rudy Fern\u00e1ndez Basketball-Spieler nahm die Herausforderung einen Sporttag in einem Rollstuhl zu erleben. <\/p>\n<p><\/font><\/p>\n<p align=\"center\"><font   size=\"2\"><img loading=\"lazy\" decoding=\"async\" title=\"\" height=\"253\" alt=\"\" src=\"http:\/\/www.best-dentist-dentistry.com\/best-dentist-images\/translateapiexception-ip-is-over-the-quota-id0818v2jsontranslate92ebfbc.jpg\" width=\"450\" align=\"baseline\" border=\"0\"\/><\/font><\/p>\n<p><font size=\"2\"> Silbermedaille bei den Olympischen Spielen in Peking 2008 und London 2012, wer war der NBA-Spieler f\u00fcr 2 Jahre und jetzt eingeschrieben in den Reihen von Real Madrid, Rudy Fern\u00e1ndez, war der Protagonist am vergangenen Sonntag in &#8216; qualifizierter &#8217;. <\/p>\n<p>Der Player sprang auf das Feld zu einem Basketball-Spiel im Rollstuhl mit der Fundosa Teamplayer. In Begleitung von Daniel Stix, ein junger Mann mit Behinderung, begleitet ihn auf diesem Abenteuer und lehrt die Regeln dieser Modalit\u00e4t, Rudy zusammen mit ihren Teamkolleginnen durchdringt und \u00fcberpr\u00fcfen Sie ihre F\u00e4higkeiten und Talente. <\/p>\n<p><\/font><\/p>\n<p align=\"center\"><font   size=\"2\"><img loading=\"lazy\" decoding=\"async\" title=\"\" height=\"272\" alt=\"\" src=\"http:\/\/www.best-dentist-dentistry.com\/best-dentist-images\/translateapiexception-ip-is-over-the-quota-id0818v2jsontranslate92ebfbc.jpg\" width=\"450\" align=\"baseline\" border=\"0\"\/><\/font><\/p>\n<p align=\"left\"> <font size=\"2\"> &#8216; qualifizierten &#8217; ist eine Doku-Serie von 13 Episoden von 30 Minuten, produziert von Ovideo f\u00fcr TVE in Zusammenarbeit mit der elf und seine Stiftung, die mit allen Behinderungen befasst: sensorische (Blindheit und Taubheit), k\u00f6rperliche, geistige und psychische Gesundheit. <\/p>\n<p><\/font><\/p>\n<p align=\"center\"><font   size=\"2\"><img loading=\"lazy\" decoding=\"async\" title=\"\" height=\"253\" alt=\"\" src=\"http:\/\/www.best-dentist-dentistry.com\/best-dentist-images\/translateapiexception-ip-is-over-the-quota-id0818v2jsontranslate92ebfbc.jpg\" width=\"450\" align=\"baseline\" border=\"0\"\/><\/font><\/p>\n<p align=\"left\"> <font size=\"2\"> jede Woche ein bekannter Charakter selbstlos \u00fcbernimmt die Herausforderung eines Tages mit einer Behinderung vor dem Betrachter zu leben und zu diesem Zweck haben sie mit Hilfe von Menschen, die es tun in der Realit\u00e4t haben. <\/p>\n<p>Die Serie ist ein Beispiel f\u00fcr allgemeine Zug\u00e4nglichkeit, denn es bietet Audiodeskription f\u00fcr Blinde und schlechte Visual, Videotext Untertitelung und Interpretation in Geb\u00e4rdensprache in der Residuen, die samstags, um 1330 Uhr, die 2 zu sehen. Dar\u00fcber hinaus k\u00f6nnen zur\u00fcckkehren, um jederzeit auf der TVE anzeigen &#8216; \u00c0 La Carte &#8217;. <\/p>\n<p><\/font><\/p>\n<p align=\"left\"> <font size=\"2\"> <\/p>\n<p><\/font><\/p>\n","protected":false},"excerpt":{"rendered":"<p>Rudy Fern\u00e1ndez Basketballspieler lebte einen Tag im Rollstuhl in &#8216; qualifizierter &#8217;. -in der Serie, Charaktere aus der Welt der Kultur, Kunst, die Szene und den Sport selbstlos eignen sich Live einen Tag mit einer Behinderung Spanien, November 2012.- Die 2 ausgestellt im f\u00fcnfte Kapitel des &#8216; qualifizierte &#8217;, die Serie, in dem verschiedene beliebte [&hellip;]<\/p>\n","protected":false},"author":1,"featured_media":0,"comment_status":"close","ping_status":"open","sticky":false,"template":"","format":"standard","meta":{"footnotes":""},"categories":[3],"tags":[34621,34620,34623,34624,34622,34625,34619],"class_list":["post-23506","post","type-post","status-publish","format-standard","hentry","category-allgemeine","tag-basketballspieler","tag-fernndez","tag-gelebt","tag-lebte","tag-qualifizierten","tag-qualifizierter","tag-rudy","et-doesnt-have-format-content","et_post_format-et-post-format-standard"],"_links":{"self":[{"href":"https:\/\/www.best-dentist-dentistry.com\/de\/wp-json\/wp\/v2\/posts\/23506","targetHints":{"allow":["GET"]}}],"collection":[{"href":"https:\/\/www.best-dentist-dentistry.com\/de\/wp-json\/wp\/v2\/posts"}],"about":[{"href":"https:\/\/www.best-dentist-dentistry.com\/de\/wp-json\/wp\/v2\/types\/post"}],"author":[{"embeddable":true,"href":"https:\/\/www.best-dentist-dentistry.com\/de\/wp-json\/wp\/v2\/users\/1"}],"replies":[{"embeddable":true,"href":"https:\/\/www.best-dentist-dentistry.com\/de\/wp-json\/wp\/v2\/comments?post=23506"}],"version-history":[{"count":0,"href":"https:\/\/www.best-dentist-dentistry.com\/de\/wp-json\/wp\/v2\/posts\/23506\/revisions"}],"wp:attachment":[{"href":"https:\/\/www.best-dentist-dentistry.com\/de\/wp-json\/wp\/v2\/media?parent=23506"}],"wp:term":[{"taxonomy":"category","embeddable":true,"href":"https:\/\/www.best-dentist-dentistry.com\/de\/wp-json\/wp\/v2\/categories?post=23506"},{"taxonomy":"post_tag","embeddable":true,"href":"https:\/\/www.best-dentist-dentistry.com\/de\/wp-json\/wp\/v2\/tags?post=23506"}],"curies":[{"name":"wp","href":"https:\/\/api.w.org\/{rel}","templated":true}]}}