{"id":2351,"date":"2011-11-14T18:03:24","date_gmt":"2011-11-14T18:03:24","guid":{"rendered":null},"modified":"-0001-11-30T00:00:00","modified_gmt":"-0001-11-30T00:00:00","slug":"psychiatrists-from-all-spain-presented-a-manifesto-against-the-stigma-of-people-with-mental-illness","status":"publish","type":"post","link":"https:\/\/www.best-dentist-dentistry.com\/de\/psychiatrists-from-all-spain-presented-a-manifesto-against-the-stigma-of-people-with-mental-illness\/2351","title":{"rendered":"Psychiater aus ganz Spanien pr\u00e4sentiert ein Manifest gegen die Stigmatisierung von Menschen mit psychischen Erkrankungen."},"content":{"rendered":"<p><strong>Psychiater aus ganz Spanien pr\u00e4sentiert ein Manifest gegen die Stigmatisierung von Menschen mit psychischen Krankheit. <br \/><font size=\"2\"> <br \/>15. National Congress of Psychiatry. <\/p>\n<p><\/strong> <br \/> <font size=\"2\">-der Name des Dokuments ist &#8216; Oviedo Manifest gegen die Stigmatisierung von Menschen mit psychischen Erkrankungen &#8217; <\/p>\n<p>-das Manifest von Oviedo wird gef\u00f6rdert durch die spanischen psychiatrischen Gesellschaft (SEP), die spanische Gesellschaft f\u00fcr biologische Psychiatrie (SEPB) und der spanischen Stiftung f\u00fcr Psychiatrie und geistige Gesundheit (FEPSM) <\/p>\n<p>-Menschen mit Krankheiten geistige ernst sind diejenigen, die meisten die Stigmatisierung leiden <\/p>\n<p>-Psychiater haben unterzeichnet ihrem EU-Beitritt das Manifest auf dem Kongress w\u00e4hrend der vier Tage, die er tat, die so genannte Blue Space <\/p>\n<p> <strong>Oviedo, November 2011 &#8211;<\/strong> die Stigmatisierung des Menschen mit psychischen Erkrankungen ist eine Gei\u00dfel, die verfolgt diese Patienten, behindert ein gesundheitliches Problem so weit verbreitet wie es alle anderen sein kann. Wie sie die spanische Gesellschaft f\u00fcr Psychiatrie (SEP) gesehen haben, zeigen die spanische Gesellschaft f\u00fcr biologische Psychiatrie (SEPB) und der spanischen Stiftung f\u00fcr Psychiatrie und geistige Gesundheit (FEPSM) die Preise der Reduzierung des Kampfes gegen Stigma in Spanien eine klare Verz\u00f6gerung. <\/p>\n<p>Aus diesem Grund haben die drei vorherigen Entit\u00e4ten (SEP, SEPB und FEPSM) das Manifest in Oviedo gegen die Stigmatisierung von Menschen mit psychischen Erkrankungen, gef\u00f6rdert, die wurde genehmigt und verabschiedet innerhalb der Feier von der 15. National Congress of Psychiatry, in der Palacio de Exposiciones y Congresos von Oviedo aus 8 bis 11 November stattfand. <\/p>\n<p>Das Manifest von Oviedo wurde gegr\u00fcndet mit dem Ziel zu informieren, Politiker, Angeh\u00f6rigen der Gesundheitsberufe, Journalisten und B\u00fcrger im Allgemeinen auf die Notwendigkeit der Beseitigung der Stigmatisierung und Diskriminierung, die noch heute zu sehen in Bezug auf Personen mit psychischen Erkrankungen. <\/p>\n<p>Das Manifest bezieht sich auf alle Personen mit psychischen Erkrankungen, und, dass alle von ihnen sind anf\u00e4llig f\u00fcr Diskriminierung aufgrund der Stigmatisierung. Allerdings sind Patienten mit der Diagnose einer schweren psychischen Erkrankungen, die am meisten unter diesem Problem leiden. <\/p>\n<p>Da sie zeigen, hat es Menschen von Krankheiten, die das Gehirn mit angemessene Behandlung bedr\u00e4ngt, halten Sie in den meisten F\u00e4llen ein Verhalten normal, perfekt geeignet f\u00fcr Entwicklung eine wichtige Aktivit\u00e4t als eine andere Person ohne Krankheit, in die Gesellschaft integriert. <\/p>\n<p>Die spanische Gesellschaft f\u00fcr Psychiatrie (SEP), die spanische Gesellschaft f\u00fcr biologische Psychiatrie (SEPB) und der spanischen Stiftung f\u00fcr Psychiatrie und geistige Gesundheit (FEPSM) erinnern uns, dass in Spanien gibt es ein rechtlicher Rahmen, der Schutz der Patienten vor Stigmatisierung erfordert. Ebenso hat die nationale Strategie f\u00fcr psychische Gesundheit 2009-2013 in das nationale Gesundheitssystem geltenden unter ihrer Ziele die Beseitigung der Stigmatisierung und Diskriminierung von Patienten. <\/p>\n<p>Rufen Sie auch Vertreter der Psychiatrie in Spanien an die Medien, durch seine F\u00e4higkeit zu erreichen und auf die \u00f6ffentliche Meinung beeinflussen. Experten betonen, dass ein Gro\u00dfteil der Informationen \u00fcber Menschen mit psychischen Erkrankungen in R\u00e4umen der Ereignisse auftreten. Diese Tatsache verst\u00e4rkt und das Stigma verewigt. <\/p>\n<p>Experten auch f\u00fcr eine \u00c4nderung in der Terminologie verwendet, um diesen Patienten st\u00fctzte sich durch die Verwendung der Formel verweisen  Personen mit psychischen Erkrankungen &#8221;, oder  Menschen mit der Diagnose einer &#8230; &#8221;, wie es geschieht, zum Beispiel mit Menschen mit Behinderungen. <\/p>\n<p>Das Manifest von Oviedo wurde von Psychiatern, die Teilnahme an der 15. nationalen Kongress der Psychiatrie in einem Stand namens Blue Space w\u00e4hrend der vier Tage, die diese wissenschaftliche Veranstaltung dauerte paraphiert wurde. Dar\u00fcber hinaus wurde das Manifest in eine formale und endg\u00fcltige Weise w\u00e4hrend der Feier der jeweiligen Assemblys des spanischen Gesellschaft f\u00fcr Psychiatrie und die spanische Gesellschaft f\u00fcr biologische Psychiatrie genehmigt. <\/p>\n<p><\/font><\/font><\/p>\n","protected":false},"excerpt":{"rendered":"<p>Psychiater aus ganz Spanien pr\u00e4sentiert ein Manifest gegen die Stigmatisierung von Menschen mit psychischen Krankheit. 15. National Congress of Psychiatry. -der Name des Dokuments ist &#8216; Oviedo Manifest gegen die Stigmatisierung von Menschen mit psychischen Erkrankungen &#8217; -das Manifest von Oviedo wird gef\u00f6rdert durch die spanischen psychiatrischen Gesellschaft (SEP), die spanische Gesellschaft f\u00fcr biologische Psychiatrie [&hellip;]<\/p>\n","protected":false},"author":1,"featured_media":0,"comment_status":"close","ping_status":"open","sticky":false,"template":"","format":"standard","meta":{"footnotes":""},"categories":[3],"tags":[8693,8694],"class_list":["post-2351","post","type-post","status-publish","format-standard","hentry","category-allgemeine","tag-stigma","tag-stigmatisierung","et-doesnt-have-format-content","et_post_format-et-post-format-standard"],"_links":{"self":[{"href":"https:\/\/www.best-dentist-dentistry.com\/de\/wp-json\/wp\/v2\/posts\/2351","targetHints":{"allow":["GET"]}}],"collection":[{"href":"https:\/\/www.best-dentist-dentistry.com\/de\/wp-json\/wp\/v2\/posts"}],"about":[{"href":"https:\/\/www.best-dentist-dentistry.com\/de\/wp-json\/wp\/v2\/types\/post"}],"author":[{"embeddable":true,"href":"https:\/\/www.best-dentist-dentistry.com\/de\/wp-json\/wp\/v2\/users\/1"}],"replies":[{"embeddable":true,"href":"https:\/\/www.best-dentist-dentistry.com\/de\/wp-json\/wp\/v2\/comments?post=2351"}],"version-history":[{"count":0,"href":"https:\/\/www.best-dentist-dentistry.com\/de\/wp-json\/wp\/v2\/posts\/2351\/revisions"}],"wp:attachment":[{"href":"https:\/\/www.best-dentist-dentistry.com\/de\/wp-json\/wp\/v2\/media?parent=2351"}],"wp:term":[{"taxonomy":"category","embeddable":true,"href":"https:\/\/www.best-dentist-dentistry.com\/de\/wp-json\/wp\/v2\/categories?post=2351"},{"taxonomy":"post_tag","embeddable":true,"href":"https:\/\/www.best-dentist-dentistry.com\/de\/wp-json\/wp\/v2\/tags?post=2351"}],"curies":[{"name":"wp","href":"https:\/\/api.w.org\/{rel}","templated":true}]}}