{"id":23532,"date":"2012-11-07T02:30:49","date_gmt":"2012-11-07T02:30:49","guid":{"rendered":null},"modified":"-0001-11-30T00:00:00","modified_gmt":"-0001-11-30T00:00:00","slug":"rajoy-has-announced-reforms-for-every-friday-spanish-protest","status":"publish","type":"post","link":"https:\/\/www.best-dentist-dentistry.com\/de\/rajoy-has-announced-reforms-for-every-friday-spanish-protest\/23532","title":{"rendered":"rajoy has announced reforms for every friday spanish protest"},"content":{"rendered":"<p class=\"first\"> MADRID (Reuters) &#8211; der Pr\u00e4sident der spanischen Regierung, Mariano Rajoy, verteidigte am Sonntag seine reformistische Tagesordnung Umgang mit der tiefen Krise, die das Land w\u00e4hrend der Demonstrationen gegen in \u00f6ffentlichen Bildungs- und Gesundheitsdiensten schneidet in Dutzenden von St\u00e4dten Spaniens fanden.<\/p>\n<p>Rajoy k\u00fcndigte an, dass jeden Freitag in der Ministerrat auch neue Ma\u00dfnahmen weiterhin w\u00fcrde &#8220;positivsten, notwendig und verpflichtet als je zuvor&#8221;, aber gewarnt, dass sie die \u00c4nderung die Situation in dem Land, mit einer Wirtschaft in einer Rezession nehmen w\u00fcrde und ein Banking sector den Fokus der M\u00e4rkte.<\/p>\n<p>&#8220;Jeden Freitag wird weiterhin die Reformen, kommen auch, und sehr wichtig (&#8230;)&#8221; &#8220;Wir werden weiter herrschenden, tun alles was Sie brauchen, um aus hier,&#8221; sagte am Abschluss des Kongresses von seiner Volkspartei (PP) in Madrid.<\/p>\n<p>&#8220;Wir arbeiten um die Situation zu verwandeln.&#8221; Wir werden tun, doch ich sage euch, es geht um Kosten (&#8230;) &#8220;Eine reformistische Tagesordnung wurde der Ausgangspunkt f\u00fcr das Spanien am Morgen, sagte ist.<\/p>\n<p>Tausende Menschen protestierten zur gleichen Zeit in den Stra\u00dfen die K\u00fcrzungen angek\u00fcndigt in Sektoren wie Gesundheit und Bildung, die voraussichtlich eine Einsparung von 7.000 und 3.000 Millionen Euro beziehungsweise f\u00fcr das Ziel der drastischen Senkung des Defizits in zwei Jahren zu erm\u00f6glichen.<\/p>\n<p>Rajoy r\u00e4umte ein, dass seine Regierung Ma\u00dfnahmen, die nicht in sein Wahlprogramm angenommen hat wie Steuererh\u00f6hungen oder die angek\u00fcndigte f\u00fcr 2013 bereits implementiert, aber gesagt, dass es keine Alternative.<\/p>\n<p>&#8220;Voll und ganz verstehen viele Menschen, die von Entscheidungen, die wir nehmen betroffen sind, weil ich bin mir absolut bewusst was wir tun&#8221;, sagte.<\/p>\n<p>Spanien lebt der zweiten Rezession seit drei Jahren mit einer Rate von Arbeitslosigkeit von 24,4 Prozent, und kehrte zur\u00fcck in die Mitte von der Schuldenkrise der Eurozone nach S &amp; P-Rating-Agentur der Bonit\u00e4t in zwei Schritten von der Unsicherheit reduziert, die nationale Wirtschaft weckt.<\/p>\n<p>Innerhalb der Debatte in Europa \u00fcber die Notwendigkeit Konjunkturprogramme und nicht nur Schnitte Rajoy sagte, dass Spanien Wachstumspolitik unterst\u00fctzen w\u00fcrde, aber auch seine Verteidigung der Sparsamkeit bekr\u00e4ftigt.<\/p>\n<p>Tausende Menschen gingen auf die Stra\u00dfe in mehreren spanischen St\u00e4dten am Sonntag, die K\u00fcrzungen zu protestieren.<\/p>\n<p>Mit Spruchb\u00e4ndern wie &#8220;Arbeit, Bildung und Gesundheit nicht spielen&#8221;, Jugendliche und Rentner mischte sich mit Familien besucht, die einen Marsch in der Hauptstadt zu einer intermittierenden Regen trotzen und trotz f\u00e4llt mit ein langes Wochenende durch zwei Feiertage in Madrid n\u00e4chste Woche.<\/p>\n<p>Zwischen Schreie gegen die Bank, Washington oder die deutsche Bundeskanzlerin Angela Merkel im Madrid M\u00e4rz lesen andere Banner wie &#8220;Educate investieren ist nicht ausgeben,&#8221; und &#8220;schneidet in Gesundheit = rechtliche Kriminalit\u00e4t&#8221;.<\/p>\n<p>Demonstrationen werden exakt einen Monat nach der ersten Generalstreik gegen Rajoy der Regierung, die auf die Stra\u00dfe um Hunderttausende von B\u00fcrgern in ganz Spanien in einer Stichprobe von Ablehnung zu seiner Arbeitsreform nahm gehalten.<\/p>\n<p>Der Tag der Proteste statt dar\u00fcber hinaus zwei Tage vor der traditionellen 1. Mai M\u00e4rsche, die die Ank\u00fcndigung der neuen Ma\u00dfnahmen der Kraft Szenario sein k\u00f6nnte.<\/p>\n<p>(Geschrieben von Blanca Rodriguez Stein.) und Teresa Medrano bei der Ausarbeitung von Madrid Zusatzbericht Carlos Ruano. (Herausgegeben von Marion Giraldo)<\/p>\n","protected":false},"excerpt":{"rendered":"<p>MADRID (Reuters) &#8211; der Pr\u00e4sident der spanischen Regierung, Mariano Rajoy, verteidigte am Sonntag seine reformistische Tagesordnung Umgang mit der tiefen Krise, die das Land w\u00e4hrend der Demonstrationen gegen in \u00f6ffentlichen Bildungs- und Gesundheitsdiensten schneidet in Dutzenden von St\u00e4dten Spaniens fanden. Rajoy k\u00fcndigte an, dass jeden Freitag in der Ministerrat auch neue Ma\u00dfnahmen weiterhin w\u00fcrde &#8220;positivsten, [&hellip;]<\/p>\n","protected":false},"author":1,"featured_media":0,"comment_status":"close","ping_status":"open","sticky":false,"template":"","format":"standard","meta":{"footnotes":""},"categories":[3],"tags":[],"class_list":["post-23532","post","type-post","status-publish","format-standard","hentry","category-allgemeine","et-doesnt-have-format-content","et_post_format-et-post-format-standard"],"_links":{"self":[{"href":"https:\/\/www.best-dentist-dentistry.com\/de\/wp-json\/wp\/v2\/posts\/23532","targetHints":{"allow":["GET"]}}],"collection":[{"href":"https:\/\/www.best-dentist-dentistry.com\/de\/wp-json\/wp\/v2\/posts"}],"about":[{"href":"https:\/\/www.best-dentist-dentistry.com\/de\/wp-json\/wp\/v2\/types\/post"}],"author":[{"embeddable":true,"href":"https:\/\/www.best-dentist-dentistry.com\/de\/wp-json\/wp\/v2\/users\/1"}],"replies":[{"embeddable":true,"href":"https:\/\/www.best-dentist-dentistry.com\/de\/wp-json\/wp\/v2\/comments?post=23532"}],"version-history":[{"count":0,"href":"https:\/\/www.best-dentist-dentistry.com\/de\/wp-json\/wp\/v2\/posts\/23532\/revisions"}],"wp:attachment":[{"href":"https:\/\/www.best-dentist-dentistry.com\/de\/wp-json\/wp\/v2\/media?parent=23532"}],"wp:term":[{"taxonomy":"category","embeddable":true,"href":"https:\/\/www.best-dentist-dentistry.com\/de\/wp-json\/wp\/v2\/categories?post=23532"},{"taxonomy":"post_tag","embeddable":true,"href":"https:\/\/www.best-dentist-dentistry.com\/de\/wp-json\/wp\/v2\/tags?post=23532"}],"curies":[{"name":"wp","href":"https:\/\/api.w.org\/{rel}","templated":true}]}}