{"id":23656,"date":"2012-11-08T02:27:39","date_gmt":"2012-11-08T02:27:39","guid":{"rendered":null},"modified":"-0001-11-30T00:00:00","modified_gmt":"-0001-11-30T00:00:00","slug":"cases-of-dementia-in-the-world-will-double-in-20-years-by-longevity","status":"publish","type":"post","link":"https:\/\/www.best-dentist-dentistry.com\/de\/cases-of-dementia-in-the-world-will-double-in-20-years-by-longevity\/23656","title":{"rendered":"cases of dementia in the world will double in 20 years by longevity"},"content":{"rendered":"<p class=\"first\"> <span class=\"yshortcuts\" id=\"lw_1334141544_0\"> Genf<\/span>, 11 Apr (<span class=\"yshortcuts\" id=\"lw_1334141544_1\"> EFE<\/span>).-ca. 35,6 Millionen Menschen weltweit leiden an <span class=\"yshortcuts\" id=\"lw_1334141544_2\"> Demenz<\/span>, eine <span class=\"yshortcuts\" id=\"lw_1334141544_3\"> Abbildung<\/span>, die gesch\u00e4tzt wird wird bis 2030 (mehr als 65,7 Millionen) verdoppeln und bis 2050 (115,4 Mio.) wegen der Zunahme der Bev\u00f6lkerung und der <span class=\"yshortcuts\" id=\"lw_1334141544_4\"> erh\u00f6hen<\/span> <span class=\"yshortcuts\" id=\"lw_1334141544_5\"> Langlebigkeit<\/span> verdreifachen wird.<\/p>\n<p>Heute zwischen zwei und acht Menschen jeden hundert Menschen in der Welt gibt es \u00fcber 60 Jahre leiden an Demenz.<\/p>\n<p>Demenz F\u00e4lle auftreten, in allen L\u00e4ndern, aber vor allem Affekte (58 %) Menschen leben in L\u00e4ndern mit einem mittleren oder niedrigen Einkommen ein Anteil von 25 Prozent wegen der zunehmenden Langlebigkeit in jenen Nationen gesch\u00e4tzt.<\/p>\n<p>&#8220;Wir diese Epidemie aufh\u00f6ren m\u00fcssen weil die Folgen f\u00fcr die \u00f6ffentlichen Gesundheitssysteme katastrophal sein k\u00f6nnen.&#8221; &#8220;Wir rechnen, dass alle vier Sekunden, was bedeutete 7,7 Millionen jedes Jahr als vor zehn Jahren eine alle zehn Sekunden war, gibt es ein neuer Fall von Demenz&#8221; Press <span class=\"yshortcuts\" id=\"lw_1334141544_6\"> Marc Wortmann<\/span>, Gesch\u00e4ftsf\u00fchrer der <span class=\"yshortcuts\" id=\"lw_1334141544_7\"> Alzheimer&rsquo;s Disease international<\/span> (<span class=\"yshortcuts\" id=\"lw_1334141544_8\"> ADI<\/span>) Krankheit Entit\u00e4t gewarnt.<\/p>\n<p>Dieser Agentur und der World Health Organization (die), einen Bericht mit dem Titel entwickelt haben &#8220;Demenz: \u00f6ffentliche Gesundheit Priorit\u00e4t&#8221; in die Schalen der Evolution und Entwicklung einer Krankheit, die exponentiell ansteigt.<\/p>\n<p>Drei Gr\u00fcnde erkl\u00e4ren diese Progression: die strenge Bev\u00f6lkerungswachstum, der Gesamtanstieg der Langlebigkeit und der Anstieg f\u00fcr die Erkennung der Krankheit dank verbesserter Methoden der Diagnostik.<\/p>\n<p>Demenz ist ein in der Regel chronischen Syndrom, das gr\u00f6\u00dfer ist als verursachte Verschlechterung der kognitiven Funktionen, die normalerweise Alterung verursacht.<\/p>\n<p>Demenz auswirkt, Speicher, Argumentation, Orientierung, Verst\u00e4ndnis, Berechnung, lernen, F\u00e4higkeit, Sprache, Verhalten und Eignung des t\u00e4gliche Aktivit\u00e4ten durchf\u00fchren.<\/p>\n<p>Alzheimer-Krankheit ist die h\u00e4ufigste Ursache von Demenz und ist die Quelle von fast 70 Prozent der F\u00e4lle.<\/p>\n<p>ADI und die sch\u00e4tzen, die versuchen zu versuchen, die Lebensqualit\u00e4t von Menschen mit Demenz kostet 604 Millionen Dollar j\u00e4hrlich.<\/p>\n<p>In diesem Betrag ist die Summe der Kosten f\u00fcr die medizinische und palliative Behandlungen und Einkommen, die nicht mehr wahrnehmen, sowohl die Kranken und diejenigen, die f\u00fcr sie zust\u00e4ndig sind.<\/p>\n<p>Nur acht L\u00e4nder der Welt ein nationales Programm zur Bek\u00e4mpfung von Demenz haben, so dass es schwierig zu fr\u00fch Diagnose, einer der wichtigsten Stolpersteine im Kampf gegen die Krankheit, dem Bericht zufolge.<\/p>\n<p>Das Fehlen der Diagnose ist ein gro\u00dfes Problem, und auch in L\u00e4ndern mit hohem Einkommen Demenz ist nur im fr\u00fchzeitig erkannt zwischen einem F\u00fcnftel und die H\u00e4lfte der F\u00e4lle.<\/p>\n<p>Im allgemeinen Erkrankung diagnostiziert wird, wenn es in einem ziemlich fortgeschrittenen Stadium ist.<\/p>\n<p>&#8220;Wir haben keine Heilung f\u00fcr die Krankheit aber eine fr\u00fche Diagnose erm\u00f6glicht Behandlungen zu beginnen, die st\u00f6ren den Prozess der Verschlechterung und erkl\u00e4ren Sie die Familie die Enden der leiden, k\u00f6nnen&#8221;, sagte Sheckhar Saxena, Direktor von the who-geistige Gesundheit.<\/p>\n<p>Neben der Verbesserung der Fr\u00fcherkennung, der Bericht schl\u00e4gt eine allgemeine vor der Krankheit-Bewusstsein um ein Stigma zu lassen, die zur sozialen Isolierung des Patienten und seiner Bezugsperson beitr\u00e4gt.<\/p>\n<p>In der Tat der Text weist darauf hin, dass Personen, die Pflege f\u00fcr Demenzpatienten besonders ausgesetzt sind, um geistige, Leiden wie Depressionen oder Angstst\u00f6rungen.<\/p>\n<p>Die Pflegekr\u00e4fte, die in ihrer \u00fcberwiegenden Mehrheit Betreuer sind, sind auch wirtschaftliche Schwierigkeiten konfrontiert, weil sie Arbeit zu stoppen oder ihre Arbeitszeit reduzieren um die Kranken k\u00fcmmern sollte. EFE<\/p>\n","protected":false},"excerpt":{"rendered":"<p>Genf, 11 Apr ( EFE).-ca. 35,6 Millionen Menschen weltweit leiden an Demenz, eine Abbildung, die gesch\u00e4tzt wird wird bis 2030 (mehr als 65,7 Millionen) verdoppeln und bis 2050 (115,4 Mio.) wegen der Zunahme der Bev\u00f6lkerung und der erh\u00f6hen Langlebigkeit verdreifachen wird. Heute zwischen zwei und acht Menschen jeden hundert Menschen in der Welt gibt es [&hellip;]<\/p>\n","protected":false},"author":1,"featured_media":0,"comment_status":"close","ping_status":"open","sticky":false,"template":"","format":"standard","meta":{"footnotes":""},"categories":[3],"tags":[],"class_list":["post-23656","post","type-post","status-publish","format-standard","hentry","category-allgemeine","et-doesnt-have-format-content","et_post_format-et-post-format-standard"],"_links":{"self":[{"href":"https:\/\/www.best-dentist-dentistry.com\/de\/wp-json\/wp\/v2\/posts\/23656","targetHints":{"allow":["GET"]}}],"collection":[{"href":"https:\/\/www.best-dentist-dentistry.com\/de\/wp-json\/wp\/v2\/posts"}],"about":[{"href":"https:\/\/www.best-dentist-dentistry.com\/de\/wp-json\/wp\/v2\/types\/post"}],"author":[{"embeddable":true,"href":"https:\/\/www.best-dentist-dentistry.com\/de\/wp-json\/wp\/v2\/users\/1"}],"replies":[{"embeddable":true,"href":"https:\/\/www.best-dentist-dentistry.com\/de\/wp-json\/wp\/v2\/comments?post=23656"}],"version-history":[{"count":0,"href":"https:\/\/www.best-dentist-dentistry.com\/de\/wp-json\/wp\/v2\/posts\/23656\/revisions"}],"wp:attachment":[{"href":"https:\/\/www.best-dentist-dentistry.com\/de\/wp-json\/wp\/v2\/media?parent=23656"}],"wp:term":[{"taxonomy":"category","embeddable":true,"href":"https:\/\/www.best-dentist-dentistry.com\/de\/wp-json\/wp\/v2\/categories?post=23656"},{"taxonomy":"post_tag","embeddable":true,"href":"https:\/\/www.best-dentist-dentistry.com\/de\/wp-json\/wp\/v2\/tags?post=23656"}],"curies":[{"name":"wp","href":"https:\/\/api.w.org\/{rel}","templated":true}]}}