{"id":237,"date":"2011-12-09T23:08:05","date_gmt":"2011-12-09T23:08:05","guid":{"rendered":null},"modified":"2011-12-09T23:08:05","modified_gmt":"2011-12-09T23:08:05","slug":"indigenous-resume-march-in-bolivia-after-failure-of-dialogue-with-the-government","status":"publish","type":"post","link":"https:\/\/www.best-dentist-dentistry.com\/de\/indigenous-resume-march-in-bolivia-after-failure-of-dialogue-with-the-government\/237","title":{"rendered":"Indigene Lebenslauf M\u00e4rz in Bolivien nach Ausfall der Dialog mit der Regierung"},"content":{"rendered":"<p>La Paz, 26 Aug (EFE).-bolivianischen Indianer gegen den Bau einer Stra\u00dfe, die heute \u00fcber ein Naturpark \u00fcbergeben wird wieder aufgenommen, die zu Fu von Protest bei Amazon und La Paz, keinen neuen Versuch Dialog mit der Regierung von Pr\u00e4sident Evo Morales, offizielle Quellen berichtet.<\/p>\n<p>Minister f\u00fcr produktive Entwicklung, Teresa Morales, die Anfang des Dialogs \u00fcber den Konflikt in der Amazonas-Region verhandelt wurde, er bedauerte, dass Indianer den Marsch, trotz der Entscheidung des Vorstands, nach oben zu verschieben, platzieren Sie zehn Minister, die H\u00e4lfte von der Regierung-Kabinett, f\u00fcr Gespr\u00e4che. wieder<\/p>\n<p>Vertreter der Minderheiten im Osten und Westen des Landes begann den Protest am 15 zuletzt und ging 110 Meilen um die Stadt von Puerto San Borja, wo sie vier Tage waren wartend f\u00fcr konkrete Dialog.<\/p>\n<p>Ethnische Gruppen, die Nachfrage zu treffen mit Pr\u00e4sident Morales, lehnen ein Stra\u00dfenbauprojekt, das das Gebiet Ind\u00edgena Parque Nacional Isiboro S\u00e9cure (Tipnis) an die Departamentos Cochabamba (Mitte) und Beni (Nordosten) \u00fcberqueren wird.<\/p>\n<p>&#8220;Staats-und Regierungschefs wusste, dass sie erhalten die zehn Minister und begab sich den Ort zu fliehen, da sie den Dialog vermeiden&#8221;, sagte des Ministers, um sicherzustellen, dass heute Morgen h\u00e4tte installiert die ersten f\u00fcnf Tabellen f\u00fcr den Dialog mit den Beh\u00f6rden.<\/p>\n<p>Er f\u00fcgte hinzu, dass die F\u00fchrer m\u00fcssen Verantwortung f\u00fcr das Schicksal von zwei Neugeborene und andere Kinder, die mit ihren M\u00fcttern in die Mobilisierung, die will ich hin La Paz zu Fu\u00df 500 Meilen bei mehr als einem Monat.<\/p>\n<p>Laut der hohe Beamte der &#8220;Bruch des Dialogs&#8221; von indigenen V\u00f6lkern besprochen wird auf h\u00f6chstem Niveau in La Paz, wo heute wird Minister und Unterh\u00e4ndlern der Executive.<\/p>\n<p>Der Pr\u00e4sident des Bundes der indigenen V\u00f6lker des Ostens (Biografie), Adolfo Ch\u00e1vez, sagte heute die Medien nach seinem Ermessen die Regierung hatte nicht das Vorhandensein von zehn Minister im Hafen San Borja, garantiert aber schlie\u00dflich alle Beh\u00f6rden Reisen zum Amazonas muss gehen Sie zu dem Treffen der indigenen Spalte.<\/p>\n<p>Der Pr\u00e4sident Morales verteidigt die Stra\u00dfe, das wird von Brasilien mit dem Argument, dass es ist der Schl\u00fcssel zur Integration von Stra\u00dfe, obwohl die indigenen V\u00f6lker beschuldigen ihn mit ihrer Basis Coca-Produzenten im Bereich des \u00fcber diese Route zu f\u00f6rdern wollen finanziert werden, Chapare.<\/p>\n<p>Der Vertreter hat auch vorgeworfen im Widerspruch zu seiner Rede zur Verteidigung der &#8220;Mutter Erde&#8221;, da die Tipnis ein Dschungel von 12.000 Quadratkilometern, bekannt f\u00fcr seine reiche Vielfalt an Flora und Fauna ist. EFE<\/p>\n","protected":false},"excerpt":{"rendered":"<p>La Paz, 26 Aug (EFE).-bolivianischen Indianer gegen den Bau einer Stra\u00dfe, die heute \u00fcber ein Naturpark \u00fcbergeben wird wieder aufgenommen, die zu Fu von Protest bei Amazon und La Paz, keinen neuen Versuch Dialog mit der Regierung von Pr\u00e4sident Evo Morales, offizielle Quellen berichtet. Minister f\u00fcr produktive Entwicklung, Teresa Morales, die Anfang des Dialogs \u00fcber [&hellip;]<\/p>\n","protected":false},"author":1,"featured_media":0,"comment_status":"close","ping_status":"open","sticky":false,"template":"","format":"standard","meta":{"footnotes":""},"categories":[3],"tags":[1701,1698,1699,1700],"class_list":["post-237","post","type-post","status-publish","format-standard","hentry","category-allgemeine","tag-ausfall","tag-gesprche","tag-lebenslauf","tag-mrz","et-doesnt-have-format-content","et_post_format-et-post-format-standard"],"_links":{"self":[{"href":"https:\/\/www.best-dentist-dentistry.com\/de\/wp-json\/wp\/v2\/posts\/237","targetHints":{"allow":["GET"]}}],"collection":[{"href":"https:\/\/www.best-dentist-dentistry.com\/de\/wp-json\/wp\/v2\/posts"}],"about":[{"href":"https:\/\/www.best-dentist-dentistry.com\/de\/wp-json\/wp\/v2\/types\/post"}],"author":[{"embeddable":true,"href":"https:\/\/www.best-dentist-dentistry.com\/de\/wp-json\/wp\/v2\/users\/1"}],"replies":[{"embeddable":true,"href":"https:\/\/www.best-dentist-dentistry.com\/de\/wp-json\/wp\/v2\/comments?post=237"}],"version-history":[{"count":0,"href":"https:\/\/www.best-dentist-dentistry.com\/de\/wp-json\/wp\/v2\/posts\/237\/revisions"}],"wp:attachment":[{"href":"https:\/\/www.best-dentist-dentistry.com\/de\/wp-json\/wp\/v2\/media?parent=237"}],"wp:term":[{"taxonomy":"category","embeddable":true,"href":"https:\/\/www.best-dentist-dentistry.com\/de\/wp-json\/wp\/v2\/categories?post=237"},{"taxonomy":"post_tag","embeddable":true,"href":"https:\/\/www.best-dentist-dentistry.com\/de\/wp-json\/wp\/v2\/tags?post=237"}],"curies":[{"name":"wp","href":"https:\/\/api.w.org\/{rel}","templated":true}]}}