{"id":23712,"date":"2012-11-08T02:51:12","date_gmt":"2012-11-08T02:51:12","guid":{"rendered":null},"modified":"-0001-11-30T00:00:00","modified_gmt":"-0001-11-30T00:00:00","slug":"ugt-denounced-health-will-pay-attention-to-the-unit-to-people-who-are-below-the-poverty-line","status":"publish","type":"post","link":"https:\/\/www.best-dentist-dentistry.com\/de\/ugt-denounced-health-will-pay-attention-to-the-unit-to-people-who-are-below-the-poverty-line\/23712","title":{"rendered":"ugt denounced health will pay attention to the unit to people who are below the poverty line"},"content":{"rendered":"<p class=\"first\"> MADRID, 6 (EUROPA PRESS)<\/p>\n<p>UGT Freitag angeprangert, dass der Zweck des Ministeriums f\u00fcr Gesundheit, soziale Dienste und Gleichheit mit der Reform des Gesetzes der Abh\u00e4ngigkeit &#8220;, dass die B\u00fcrger mehr Zahlen&#8221;, denn ihren Vorschlag zur \u00dcberarbeitung der die Selbstbeteiligung, dass &#8220;sogar noch niedriger, unter die Armutsgrenze Einkommen Ende oben an den Kosten beteiligen&#8221;<\/p>\n<p>So Union reagierte auf die Bewertung des Standards erarbeitet von der Regierung vorgelegte Freitag dem Beratenden Ausschuss des Systems f\u00fcr die pers\u00f6nliche Autonomie und Pflege-Abh\u00e4ngigkeit, eine Analyse, die seiner Ansicht nach &#8220;scheint angegangen werden, um Gesetzes\u00e4nderungen zu rechtfertigen&#8221;, das soll das Gesetz machen.<\/p>\n<p>&#8220;Wir sprechen von Ungleichheit des Gesetzes, betrug von Betreuern und so weiter, mit dem alleinigen Ziel, die \u00c4nderung des Gesetzes zu rechtfertigen, wenn die einzige Sicherheit, dass regulatorische Scheitern ist, auf die Unachtsamkeit der autonomen Gemeinschaften bei der Umsetzung der geltenden Rechtsvorschriften zu reagieren sowie seine eigenen Regeln, als es zu entwickeln gibt ihnen den Artikel 10 des Gesetzes in seinen Kompetenzbereich&#8221;, Beschwerde UGT.<\/p>\n<p>In Bezug auf das K\u00f6nigliche Dekret \u00dcberarbeitung nach oben die Selbstbeteiligung, die Union behauptet, die &#8220;entfernt die Grunds\u00e4tze der Gleichberechtigung, der Nichtdiskriminierung und Universalit\u00e4t die verankert worden, hatte in der Tat den Zugriff auf das System nach dem Einkommen des Beg\u00fcnstigten konditioniert&#8221; und angeprangert, dass &#8220;sogar die niedrigsten Einkommen an den Kosten mit der etablierten so streng h\u00e4lt enden&#8221;.<\/p>\n<p>In diesem Zusammenhang betont, dass die Beitrag f\u00fcr diejenigen erforderlich, die Einkommen von 75 Prozent der IPREM, einen Betrag &#8220;zu niedrig&#8221; Ihrer Meinung nach haben bedeutet, dass &#8220;in der Praxis alle beg\u00fcnstigten, sogar das Mindesteinkommen, das wir nicht vergessen sollten, dass diese Zahlen unterhalb der Schwelle der Armut liegen, des Systems beitragen&#8221;.<\/p>\n<p>&#8220;Kann dadurch entmutigen, die Bereitstellung und das System selbst, so dass nach ein paar Jahren das System also, dass Sie wahrscheinlich nachhaltig finanziell geschw\u00e4cht ist aber nicht Existent in Bezug auf Leistung, generieren eine einzige&#8221; Hilfe &#8220;System&#8221;, betont UGT.<\/p>\n<p>Im Hinblick auf die vorgeschlagene Vereinbarung, die die Regierung zum n\u00e4chsten territorialen Rat bringen, geplant, die kommt w\u00e4hrend der Woche des Beratenden Ausschusses vorgenommen wurden, Ma\u00dfnahmen wie die \u00c4nderung der aktuellen Struktur, die zwischen Klasse und Ebenen besteht, Beseitigung von zwei Ebenen bestehend aus jeder Klasse; \u00c4nderung der Figur des pers\u00f6nliche Assistentin zu jedem Grad; \u00e4ndern die Beg\u00fcnstigten Praxisgeb\u00fchr oder die Gewichtung der Dienste gegen die wirtschaftlichen Vorteile.<\/p>\n<p>Erw\u00e4hnt auch Ma\u00dfnahmen wie die Inkompatibilit\u00e4t voller Vorteile, \u00dcberpr\u00fcfung des finanziellen Vorteils der Pflege in der famili\u00e4ren Umgebung mit Absicht die Sondervereinbarung mit Sozialversicherung, \u00c4nderung der Zeitplan f\u00fcr die Umsetzung des Gesetzes in Klasse 1 bis 2015 oder Set als Sparma\u00dfnahmen \u00e4ndern die Betr\u00e4ge des Einkommens f\u00fcr die Betreuung in der famili\u00e4ren Umgebung nutzen auszusetzen.<\/p>\n","protected":false},"excerpt":{"rendered":"<p>MADRID, 6 (EUROPA PRESS) UGT Freitag angeprangert, dass der Zweck des Ministeriums f\u00fcr Gesundheit, soziale Dienste und Gleichheit mit der Reform des Gesetzes der Abh\u00e4ngigkeit &#8220;, dass die B\u00fcrger mehr Zahlen&#8221;, denn ihren Vorschlag zur \u00dcberarbeitung der die Selbstbeteiligung, dass &#8220;sogar noch niedriger, unter die Armutsgrenze Einkommen Ende oben an den Kosten beteiligen&#8221; So Union [&hellip;]<\/p>\n","protected":false},"author":1,"featured_media":0,"comment_status":"close","ping_status":"open","sticky":false,"template":"","format":"standard","meta":{"footnotes":""},"categories":[3],"tags":[],"class_list":["post-23712","post","type-post","status-publish","format-standard","hentry","category-allgemeine","et-doesnt-have-format-content","et_post_format-et-post-format-standard"],"_links":{"self":[{"href":"https:\/\/www.best-dentist-dentistry.com\/de\/wp-json\/wp\/v2\/posts\/23712","targetHints":{"allow":["GET"]}}],"collection":[{"href":"https:\/\/www.best-dentist-dentistry.com\/de\/wp-json\/wp\/v2\/posts"}],"about":[{"href":"https:\/\/www.best-dentist-dentistry.com\/de\/wp-json\/wp\/v2\/types\/post"}],"author":[{"embeddable":true,"href":"https:\/\/www.best-dentist-dentistry.com\/de\/wp-json\/wp\/v2\/users\/1"}],"replies":[{"embeddable":true,"href":"https:\/\/www.best-dentist-dentistry.com\/de\/wp-json\/wp\/v2\/comments?post=23712"}],"version-history":[{"count":0,"href":"https:\/\/www.best-dentist-dentistry.com\/de\/wp-json\/wp\/v2\/posts\/23712\/revisions"}],"wp:attachment":[{"href":"https:\/\/www.best-dentist-dentistry.com\/de\/wp-json\/wp\/v2\/media?parent=23712"}],"wp:term":[{"taxonomy":"category","embeddable":true,"href":"https:\/\/www.best-dentist-dentistry.com\/de\/wp-json\/wp\/v2\/categories?post=23712"},{"taxonomy":"post_tag","embeddable":true,"href":"https:\/\/www.best-dentist-dentistry.com\/de\/wp-json\/wp\/v2\/tags?post=23712"}],"curies":[{"name":"wp","href":"https:\/\/api.w.org\/{rel}","templated":true}]}}