{"id":23762,"date":"2012-11-08T03:15:08","date_gmt":"2012-11-08T03:15:08","guid":{"rendered":null},"modified":"-0001-11-30T00:00:00","modified_gmt":"-0001-11-30T00:00:00","slug":"food-summit-food-may-not-be-subject-to-economic-groups","status":"publish","type":"post","link":"https:\/\/www.best-dentist-dentistry.com\/de\/food-summit-food-may-not-be-subject-to-economic-groups\/23762","title":{"rendered":"food summit food may not be subject to economic groups"},"content":{"rendered":"<p class=\"first\"> Bogota, 22 Okt (EFE).-die Nahrung m\u00f6glicherweise nicht unter wirtschaftlichen oder den Gesetzen des Marktes Gruppen, sagte heute der Vizepr\u00e4sident der Organisation der Regionen (ORU), Paul Carrasco, w\u00e4hrend der Installation der II-Regionen des Weltgipfels \u00fcber Ern\u00e4hrungssicherheit.<\/p>\n<p>&#8220;Aus unserer Sicht Lebensmittel d\u00fcrfen nicht den Gesetzen des Marktes und individuellen Interessen oder \u00f6konomischen Gruppen auf dem Planeten&#8221;, Carrasco, sagte Journalisten in der kolumbianischen Stadt Medellin.<\/p>\n<p>Carrasco sagte, dass &#8220;Nahrung und Nahrung ein Menschenrecht&#8221; und betonte die Ma\u00dfnahmen von der UN-Organisation f\u00fcr Landwirtschaft und Ern\u00e4hrung (FAO), &#8220;die Macht mit einem richtigen Ansatz anzunehmen&#8221;.<\/p>\n<p>Medellin, Hauptstadt des Departamento Antioquia (Nordwesten), hostet ab heute und bis Dienstag Vertreter der rund 30 L\u00e4ndern, die Teilnahme an dem Gipfel, mit dem Ziel der Ma\u00dfnahmen, die im Kampf gegen den Mangel an Nahrung f\u00fcr die Bev\u00f6lkerung beitragen vorzuschlagen.<\/p>\n<p>W\u00e4hrend der Installation der Sitzung einberufen von der FAO, der Inter-American Bank (IDB) und ORU\/Fogar, der Pr\u00e4sident des letzteren, Michel Vauzelle, erh\u00f6ht den Wert der Programme f\u00fcr die Ern\u00e4hrungssicherheit von Medellin und sagte, sie Modelle f\u00fcr die Welt sollten.<\/p>\n<p>&#8220;Entwicklung und soziale Probleme sind die gleichen in Lateinamerika und die Aktionen, die in Antioquia und Medell\u00edn fertig sind, denn diese Probleme der Gesellschaft, Demografie und soziale Gerechtigkeit sind auch die gleichen wie in Frankreich h\u00f6ren m\u00fcssen&#8221;, sagte er Vauzelle.<\/p>\n<p>Auf der anderen Seite der Gouverneur von Antioquia, Sergio Fajardo, angegeben, was w\u00fcrde an das Feld zur\u00fcckgeben.<\/p>\n<p>&#8220;Feld muss seine w\u00fcrde zu erholen und brechen die Ketten, die es eingereicht&#8221;, sagte Fajardo.<\/p>\n<p>The Mayor Medell\u00edn, An\u00edbal Gaviria, inzwischen darauf hingewiesen, dass Partnerschaften zwischen Kommunen, wie z. B. die erreichten zwischen Medellin und Antioquia, Schl\u00fcssel, gute Ergebnisse zu erzielen sind.<\/p>\n<p>&#8220;Schl\u00fcssel, die wir identifiziert haben, um mit Schwerpunkt auf politische, Ern\u00e4hrungssicherheit zu erreichen ein integriertes design Programme und Summe von Testamenten aus der Regierung und den Interessengruppen in der Gesellschaft,&#8221; sagte Gaviria.<\/p>\n<p>A Angebot \u00fcbereinstimmen Delegaten und Experten aus Argentinien, Bangladesch, Belgien, Benin, Bolivien, Brasilien, Kamerun, Kanada, Chile, Ecuador, Spanien, USA, Frankreich, Italien, Madagaskar, Mexiko, Nigeria, Panama, Paraguay, Peru, Deutschland, Dominikanische Republik, Senegal, Tunesien, Venezuela, Vietnam und Kolumbien, unter anderem. EFE<\/p>\n","protected":false},"excerpt":{"rendered":"<p>Bogota, 22 Okt (EFE).-die Nahrung m\u00f6glicherweise nicht unter wirtschaftlichen oder den Gesetzen des Marktes Gruppen, sagte heute der Vizepr\u00e4sident der Organisation der Regionen (ORU), Paul Carrasco, w\u00e4hrend der Installation der II-Regionen des Weltgipfels \u00fcber Ern\u00e4hrungssicherheit. &#8220;Aus unserer Sicht Lebensmittel d\u00fcrfen nicht den Gesetzen des Marktes und individuellen Interessen oder \u00f6konomischen Gruppen auf dem Planeten&#8221;, Carrasco, [&hellip;]<\/p>\n","protected":false},"author":1,"featured_media":0,"comment_status":"close","ping_status":"open","sticky":false,"template":"","format":"standard","meta":{"footnotes":""},"categories":[3],"tags":[],"class_list":["post-23762","post","type-post","status-publish","format-standard","hentry","category-allgemeine","et-doesnt-have-format-content","et_post_format-et-post-format-standard"],"_links":{"self":[{"href":"https:\/\/www.best-dentist-dentistry.com\/de\/wp-json\/wp\/v2\/posts\/23762","targetHints":{"allow":["GET"]}}],"collection":[{"href":"https:\/\/www.best-dentist-dentistry.com\/de\/wp-json\/wp\/v2\/posts"}],"about":[{"href":"https:\/\/www.best-dentist-dentistry.com\/de\/wp-json\/wp\/v2\/types\/post"}],"author":[{"embeddable":true,"href":"https:\/\/www.best-dentist-dentistry.com\/de\/wp-json\/wp\/v2\/users\/1"}],"replies":[{"embeddable":true,"href":"https:\/\/www.best-dentist-dentistry.com\/de\/wp-json\/wp\/v2\/comments?post=23762"}],"version-history":[{"count":0,"href":"https:\/\/www.best-dentist-dentistry.com\/de\/wp-json\/wp\/v2\/posts\/23762\/revisions"}],"wp:attachment":[{"href":"https:\/\/www.best-dentist-dentistry.com\/de\/wp-json\/wp\/v2\/media?parent=23762"}],"wp:term":[{"taxonomy":"category","embeddable":true,"href":"https:\/\/www.best-dentist-dentistry.com\/de\/wp-json\/wp\/v2\/categories?post=23762"},{"taxonomy":"post_tag","embeddable":true,"href":"https:\/\/www.best-dentist-dentistry.com\/de\/wp-json\/wp\/v2\/tags?post=23762"}],"curies":[{"name":"wp","href":"https:\/\/api.w.org\/{rel}","templated":true}]}}