{"id":23790,"date":"2012-11-09T02:20:59","date_gmt":"2012-11-09T02:20:59","guid":{"rendered":null},"modified":"-0001-11-30T00:00:00","modified_gmt":"-0001-11-30T00:00:00","slug":"satse-shows-its-opposition-to-labor-reform-because-it-entails-higher-unemployment-and-fewer-rights","status":"publish","type":"post","link":"https:\/\/www.best-dentist-dentistry.com\/de\/satse-shows-its-opposition-to-labor-reform-because-it-entails-higher-unemployment-and-fewer-rights\/23790","title":{"rendered":"SATSE zeigt ihren Widerstand gegen die Reform der Arbeit, weil es weniger Rechte und h\u00f6here Arbeitslosigkeit zur Folge hat"},"content":{"rendered":"<p class=\"first\"> <span class=\"yshortcuts\" id=\"lw_1331559238_0\"> MADRID<\/span>, 12 (<span class=\"yshortcuts\" id=\"lw_1331559238_1\"> EUROPA PRESS<\/span>)<\/p>\n<p><span class=\"yshortcuts\" id=\"lw_1331559238_2\"> Die Union<\/span> <span class=\"yshortcuts\" id=\"lw_1331559238_4\"> SATSE<\/span> <span class=\"yshortcuts\" id=\"lw_1331559238_3\"> Krankenpflege<\/span> hat erkl\u00e4rt, dass, obwohl es kein Koordinator des <span class=\"yshortcuts\" id=\"lw_1331559238_5\"> Generalstreiks<\/span> f\u00fcr <span class=\"yshortcuts\" id=\"lw_1331559238_6\"> n\u00e4chsten<\/span> 29. M\u00e4rz geplant ist, es ist gegen die <span class=\"yshortcuts\" id=\"lw_1331559238_7\"> Reform<\/span>-Werke von &#8220;ungerecht&#8221;, da anstelle der Schaffung von <span class=\"yshortcuts\" id=\"lw_1331559238_8\"> Arbeitspl\u00e4tzen<\/span>, &#8220;bricht die Regeln des Spiels zu Gunsten der Arbeitgeber, die Arbeitnehmer, und diese einseitige Bedingungen auferlegen wird am st\u00e4rksten gef\u00e4hrdeten&#8221;.<\/p>\n<p> &lt; p&gt; Aus der Union zeigen, dass sie zu mobilisieren, weiterhin &#8220;wie es monatelang getan hat&#8221;, um zu vermeiden, Schnitte und die progressive Verschlechterung der Versorgung, die dem Benutzer des nationalen Gesundheitssystems (SNS) angeboten wird.<\/p>\n<p>SATSE, Alejandro Laguna, Generalsekret\u00e4r sagt, dass Sie es Gr\u00fcnde, mehr als genug gibt, um alle Arten von Protest, z. B. Aktionen von Demonstrationen und Konzentrationen in den Zentren weiter arbeiten. &#8220;mit das Ziel der Verteidigung eines gesundheitlichen f\u00fcr alle Profis die Spanier verdient&#8221;, erkl\u00e4rt, w\u00e4hrend, warnt: &#8220;die Krise kann nicht werden genutzt, um abzubauen, die Gesundheit und den Zustand des Wohlbefindens, die so viele Jahre und Anstrengungen gekostet hat, um zu bauen&#8221;.<\/p>\n<p>in Bezug auf Gesundheit, ist zur\u00fcckgekehrt, um ein Treffen mit dem Ministerium f\u00fcr Gesundheit, Dienste zu suchen. E soziale Gleichheit und die Vertreter der Arbeitnehmer in der sektoralen Statustabelle der Gesundheit. &#8220;Ist unf\u00e4hig zu sprechen, einen Pakt f\u00fcr Gesundheit ohne Ber\u00fccksichtigung der Stellungnahme und Vorschl\u00e4ge zur Verbesserung der Menschen, die Arbeiten und daher die meisten wissen es zu erreichen&#8221;, f\u00fcgt einzuberufen.<\/p>\n<p>Lagune hat davor gewarnt, dass es der F\u00f6rderung der Privatisierung \u00f6ffentlicher Dienstleistungen, schrittweise verringert daher die Pr\u00e4senz des Staates und generieren ein erhebliches Missverh\u00e4ltnis&#8221;&#8221; in der Verteilung des Reichtums unseres Landes.<\/p>\n<p>schlie\u00dflich zeigen, dass es zwar Alternativen wie die Optimierung von Human Resources, Finalisten Haushalte oder die Verbesserung des Managements der materiellen und technischen Ressourcen, &#8220;w\u00e4hlen, um die Reduzierung von Personal und Dienstleistungen, die direkt dem Benutzer da betrifft, am Ende, die&#8221; Qualit\u00e4t der Pflege ab&#8221;.<\/p>\n","protected":false},"excerpt":{"rendered":"<p>MADRID, 12 ( EUROPA PRESS) Die Union SATSE Krankenpflege hat erkl\u00e4rt, dass, obwohl es kein Koordinator des Generalstreiks f\u00fcr n\u00e4chsten 29. M\u00e4rz geplant ist, es ist gegen die Reform-Werke von &#8220;ungerecht&#8221;, da anstelle der Schaffung von Arbeitspl\u00e4tzen, &#8220;bricht die Regeln des Spiels zu Gunsten der Arbeitgeber, die Arbeitnehmer, und diese einseitige Bedingungen auferlegen wird am [&hellip;]<\/p>\n","protected":false},"author":1,"featured_media":0,"comment_status":"close","ping_status":"open","sticky":false,"template":"","format":"standard","meta":{"footnotes":""},"categories":[3],"tags":[34976],"class_list":["post-23790","post","type-post","status-publish","format-standard","hentry","category-allgemeine","tag-starkem","et-doesnt-have-format-content","et_post_format-et-post-format-standard"],"_links":{"self":[{"href":"https:\/\/www.best-dentist-dentistry.com\/de\/wp-json\/wp\/v2\/posts\/23790","targetHints":{"allow":["GET"]}}],"collection":[{"href":"https:\/\/www.best-dentist-dentistry.com\/de\/wp-json\/wp\/v2\/posts"}],"about":[{"href":"https:\/\/www.best-dentist-dentistry.com\/de\/wp-json\/wp\/v2\/types\/post"}],"author":[{"embeddable":true,"href":"https:\/\/www.best-dentist-dentistry.com\/de\/wp-json\/wp\/v2\/users\/1"}],"replies":[{"embeddable":true,"href":"https:\/\/www.best-dentist-dentistry.com\/de\/wp-json\/wp\/v2\/comments?post=23790"}],"version-history":[{"count":0,"href":"https:\/\/www.best-dentist-dentistry.com\/de\/wp-json\/wp\/v2\/posts\/23790\/revisions"}],"wp:attachment":[{"href":"https:\/\/www.best-dentist-dentistry.com\/de\/wp-json\/wp\/v2\/media?parent=23790"}],"wp:term":[{"taxonomy":"category","embeddable":true,"href":"https:\/\/www.best-dentist-dentistry.com\/de\/wp-json\/wp\/v2\/categories?post=23790"},{"taxonomy":"post_tag","embeddable":true,"href":"https:\/\/www.best-dentist-dentistry.com\/de\/wp-json\/wp\/v2\/tags?post=23790"}],"curies":[{"name":"wp","href":"https:\/\/api.w.org\/{rel}","templated":true}]}}