{"id":23791,"date":"2012-11-09T02:21:05","date_gmt":"2012-11-09T02:21:05","guid":{"rendered":null},"modified":"-0001-11-30T00:00:00","modified_gmt":"-0001-11-30T00:00:00","slug":"patients-with-sleep-apnea-not-treaties-consume-two-thirds-more-health-resources-than-those-diagnosed","status":"publish","type":"post","link":"https:\/\/www.best-dentist-dentistry.com\/de\/patients-with-sleep-apnea-not-treaties-consume-two-thirds-more-health-resources-than-those-diagnosed\/23791","title":{"rendered":"Patienten mit Schlafapnoe verbrauchen keine Vertr\u00e4ge zwei Drittel mehr Gesundheitsressourcen als solche diagnostiziert"},"content":{"rendered":"<p class=\"first\"> MADRID, 12 (EUROPA PRESS)<\/p>\n<p>Los Pacientes con Apnoe del Sue\u00f1o keine Tratados Consumen Dos Tercios M\u00e1s de Recursos Sanitarios Que Los Diagnosticados, Seg\u00fan ha Explicado la Neum\u00f3loga y Miembro De La Sociedad Espa\u00f1ola de Neumolog\u00eda y Cirug\u00eda Tor\u00e1cica (SEPAR) y De La Sociedad Espa\u00f1ola del Sue\u00f1o (SES), la Doctora Araceli Abad. Los Especialistas Han Presentado Los Resultados Preliminares del Estudio NANOS con Motivo del D\u00eda del Mundial Sue\u00f1o Que Se Celebra el Pr\u00f3ximo 16 de Marzo.,<\/p>\n<p>de la Actualidad el Tratamiento &#8220;M\u00e1s Beneficioso y Efectivo&#8221; es el CPAP, Que Consiste de Una Mascarilla Conectada a la Corriente El\u00e9ctrica Que Insufla Ox\u00edgeno al Paciente Durante las Horas de Sue\u00f1o. Para la Experta, Esta T\u00e9cnica Hace Que Los Enfermos &#8220;Se Mueran Menos&#8221;. de la Actualidad, \u00c9stos &#8220;Multiplican 6 Por Su Mortalidad&#8221; de Relaci\u00f3n a Los Que no Padecen la Patolog\u00eda o a Los Que la Tienen Pero Si Est\u00e1n Correctamente Tratados, Asegura.<\/p>\n<p>Su Funktion soll dabei helfen, Atmung, den Kranken, denn dies hat &#8220;zwischen 200 und 300 reduziert der oberen Atemwege &rsquo; in ihrer schwersten F\u00e4llen, sagt der Neurologe und Mitglied des SES und der spanischen Gesellschaft f\u00fcr Neurologie (SEN), Dr. Montserrat Pujol. Deshalb ist es wichtig, dass Menschen diagnostiziert werden und so,&#8221;die Unterst\u00fctzung des Paares ist entscheidend&#8221;, sagt der Arzt Abt.<\/p>\n<p>hinaus ist die CPAP verhindert, dass die Striche krank leiden, welches&#8221; die erste Ursache der Unf\u00e4higkeit sind&#8221;und daher eine Quelle der Ausgaben des Staates, unterh\u00e4lt Pujol. Laut Studien gesammelt von der Neurologe, das Risiko von zerebraler Infarkt&#8221;auf 6,7 Prozent reduziert wird&#8221;, wenn er ist der Patient.<\/p>\n<p>wirkt sich auf 1.250.000 bis 2.250.000 Personen in Spanien<\/p>\n<p>hinaus ist diese Krankheit ist&#8221; sehr h\u00e4ufig, da es, zwischen beeinflu\u00dft einer &#8221; 4 y un 6 Por Ciento de Los Hombres, y Entre un 2 y un 4 Por Ciento de Las Mujeres&#8221;Confirm Abad. Esto Supone Que&#8221;Entre 1.250.000 y 2.250.000 Personas Padecen Apnoe del Sue\u00f1o de Espa\u00f1a&#8221;, Sostiene.<\/p>\n<p>Su Sintomatolog\u00eda Responde ein&#8221;Ronquidos, Somnolencia, Trastornos Neuropsiqui\u00e1tricos o Cansancio&#8221;Explican Los Appolo. Sin Embargo, el Problema wichtigsten Son&#8221;Las Complicaciones Cerebrovasculares y Cardiovasculares ein largo proc\u00e9dure&#8221;, Lamenta el Presidente De La SES, el Arzt Diego Garc\u00eda Borreguero.<\/p>\n<p>de Este Sentido, Pujol Subraya Que&#8221;Hay Una Relaci\u00f3n Directa Entre Estas Patolog\u00edas y la Apnoe del Sue\u00f1o&#8221;., Su Juicio,&#8221;Se Dan 200 Casos Por Cada 100.000 Habitantes, Aument\u00e1ndose Hasta Los 650 Pacientes Cuando \u00c9stos Cumplen Los 50 A\u00f1os&#8221;. Tan a Par la Que la Experta Asegura Que van&#8221;el 63 Por Ciento de Las Personas con Problemas Cerebrovasculares Sufren M\u00e1s de 10 Apnoen de Sue\u00f1o&#8221;Durante Su Descanso Diario.<\/p>\n<p> < p&gt; Auff\u00e4lliger F\u00e4lle sind denen der Hypertensives, da \"30 Prozent hat auch die Atmung stoppt w\u00e4hrend der Nacht,\" sagte Abad. f\u00fcr \u00fcbergewichtige Menschen, die Figur ist etwas niedriger (27 %), aber nicht weniger besorgniserregend zu Spezialisten.<\/p>\n<p>stehen die letzten Patienten ein h\u00f6heres Risiko, da &#8220;sie zwischen 2 und 6 mal mehr Chance zu sterben haben&#8221;, Wertsch\u00e4tzung. Stroke als &#8220;auftreten Schlaganfall oder Embolien in den meisten F\u00e4llen w\u00e4hrend der Erweckung&#8221;, speziell in 31 Prozent der Gelegenheiten.<\/p>\n<p>die Behandlung f\u00fcr die Kinder ist die Operation<\/p>\n<p>Addition, Blockaden in den Pharynx und die Atembeschwerden auch beeinflussen Kind Bev\u00f6lkerung in \u00e4hnlicher Weise. Las \u00danicas Diferencias Se Encuentran de Que Los Ni\u00f1os &#8220;Sufren Desordenes Neurol\u00f3gicos e Hiperactividad o taux de Atenci\u00f3n&#8221;, beschreiben la Neum\u00f3loga y Tambi\u00e9n Miembro de SEPAR y SES, la Doctora Maria Luz Alonso.<\/p>\n<p>A Su Juicio, la Prevalencia de Este Segmento De La Sociedad es de &#8220;Entre el 2 y el 4 Por Ciento&#8221;, Afectando eine 196,000 Ni\u00f1os Cada A\u00f1o. Sin Embargo, Aunque el Perfil Caracter\u00edstico es de un Adolescente Delgado Peque\u00f1a y de Estatura, Sohn Los Ni\u00f1os Obesos Los Que M\u00e1s la Sufren, ya Que &#8220;Ambas Patolog\u00edas Se Potencian Entre S\u00ed&#8221;, Advierte Seg\u00fan el Estudio NANOS, Liderado Por Esta Experta, &#8220;el 40 Por Ciento de \u00c9stos Ni\u00f1os Padecen Apnoe del Sue\u00f1o&#8221;.<\/p>\n<p>En Cuanto al Tratamiento, Los Ni\u00f1os Revierten la Apnoe Con Tratamiento privates chirurgisches de Lugar de Con La CPAP T\u00e9cnica Empleada Consiste Simplemente de &#8220;Retirar las Vegetaciones y las Am\u00edgdalas del Joven Paciente&#8221;, Indica. La Tasa de \u00c9xito &#8220;Alcanza Entre el 70 y el 80 Por Ciento&#8221;, Sentencia.<\/p>\n<p>Por Schlie\u00dflich hat Garc\u00eda Borreguero wollte betonen, dass Schlaf-Apnoe &#8220;ist eine leicht erkennbare Krankheit und vermeidbare&#8221;, f\u00fcr welche Forderung, &#8220;dass Menschen der laufenden Schnarchen sind und Tageszeiten Schlafst\u00f6rungen Symptome sind&#8221; Krankheit. In diesem Sinne beschwert sich Abt, die &#8220;nur zwischen 5 und 9 von Hunderten von Patienten diagnostiziert werden. Es ist ein hervorragender Konto&#8221;, schlie\u00dft er. <\/p>\n","protected":false},"excerpt":{"rendered":"<p>MADRID, 12 (EUROPA PRESS) Los Pacientes con Apnoe del Sue\u00f1o keine Tratados Consumen Dos Tercios M\u00e1s de Recursos Sanitarios Que Los Diagnosticados, Seg\u00fan ha Explicado la Neum\u00f3loga y Miembro De La Sociedad Espa\u00f1ola de Neumolog\u00eda y Cirug\u00eda Tor\u00e1cica (SEPAR) y De La Sociedad Espa\u00f1ola del Sue\u00f1o (SES), la Doctora Araceli Abad. Los Especialistas Han Presentado [&hellip;]<\/p>\n","protected":false},"author":1,"featured_media":0,"comment_status":"close","ping_status":"open","sticky":false,"template":"","format":"standard","meta":{"footnotes":""},"categories":[3],"tags":[34976],"class_list":["post-23791","post","type-post","status-publish","format-standard","hentry","category-allgemeine","tag-starkem","et-doesnt-have-format-content","et_post_format-et-post-format-standard"],"_links":{"self":[{"href":"https:\/\/www.best-dentist-dentistry.com\/de\/wp-json\/wp\/v2\/posts\/23791","targetHints":{"allow":["GET"]}}],"collection":[{"href":"https:\/\/www.best-dentist-dentistry.com\/de\/wp-json\/wp\/v2\/posts"}],"about":[{"href":"https:\/\/www.best-dentist-dentistry.com\/de\/wp-json\/wp\/v2\/types\/post"}],"author":[{"embeddable":true,"href":"https:\/\/www.best-dentist-dentistry.com\/de\/wp-json\/wp\/v2\/users\/1"}],"replies":[{"embeddable":true,"href":"https:\/\/www.best-dentist-dentistry.com\/de\/wp-json\/wp\/v2\/comments?post=23791"}],"version-history":[{"count":0,"href":"https:\/\/www.best-dentist-dentistry.com\/de\/wp-json\/wp\/v2\/posts\/23791\/revisions"}],"wp:attachment":[{"href":"https:\/\/www.best-dentist-dentistry.com\/de\/wp-json\/wp\/v2\/media?parent=23791"}],"wp:term":[{"taxonomy":"category","embeddable":true,"href":"https:\/\/www.best-dentist-dentistry.com\/de\/wp-json\/wp\/v2\/categories?post=23791"},{"taxonomy":"post_tag","embeddable":true,"href":"https:\/\/www.best-dentist-dentistry.com\/de\/wp-json\/wp\/v2\/tags?post=23791"}],"curies":[{"name":"wp","href":"https:\/\/api.w.org\/{rel}","templated":true}]}}