{"id":23795,"date":"2012-11-09T02:21:27","date_gmt":"2012-11-09T02:21:27","guid":{"rendered":null},"modified":"-0001-11-30T00:00:00","modified_gmt":"-0001-11-30T00:00:00","slug":"diagnosis-and-early-intervention-center-receives-350000-euros-to-cater-to-children-under-3-years","status":"publish","type":"post","link":"https:\/\/www.best-dentist-dentistry.com\/de\/diagnosis-and-early-intervention-center-receives-350000-euros-to-cater-to-children-under-3-years\/23795","title":{"rendered":"Diagnose und Fr\u00fchf\u00f6rderung erh\u00e4lt Center 350.000 Euro f\u00fcr Kinder unter 3 Jahren gerecht"},"content":{"rendered":"<p class=\"first\"> <span class=\"yshortcuts\" id=\"lw_1331645791_0\"> VALENCIA<\/span>, 13 (<span class=\"yshortcuts\" id=\"lw_1331645791_1\"> EUROPA PRESS<\/span>)<\/p>\n<p>der Minister f\u00fcr Gerechtigkeit und <span class=\"yshortcuts\" id=\"lw_1331645791_2\"> Soziale Wohlfahrt<\/span>, <span class=\"yshortcuts\" id=\"lw_1331645791_3\"> Jorge Cabr\u00e9<\/span>, unterzeichnet Dienstag mit dem Rektor der <span class=\"yshortcuts\" id=\"lw_1331645791_4\"> Universitat de Val\u00e8ncia<\/span>, <span class=\"yshortcuts\" id=\"lw_1331645791_5\"> Esteban<\/span> <span class=\"yshortcuts\" id=\"lw_1331645791_6\"> Morcillo<\/span>, <span class=\"yshortcuts\" id=\"lw_1331645791_7\"> \u00dcbereinkommen<\/span> \u00fcber Wartungszentrum <span class=\"yshortcuts\" id=\"lw_1331645791_8\"> Universitari<\/span> de Diagnose i Aten Primerenca-CUDAT, mit denen die Generalitat Valenciana 349.991 Euro in diesem Jahr bestimmt diese Anlaufstelle f\u00fcr und prophylaktische Behandlung von Kindern unter 3 Jahren mit den Problemen der Entwicklung oder das Risiko des Leidens zur\u00fcck.<\/p>\n<p>Ost Center, das im Jahr 2006 als Ergebnis der Zusammenarbeit zwischen dem Department of Justice und Sozialhilfe und der Universitat de Val\u00e8ncia gegr\u00fcndet wurde, derzeit beachtet mehr als hundert Kinder. der Gesamtzahl der Pl\u00e4tze, die Generalit\u00c3 \u00a4 t hat 70 konzertierte.<\/p>\n<p>der Direktor des Zentrums, Francisco Alcantud, hat erkl\u00e4rt, dass dieses Zentrum Kinder mit allerlei Krankheiten. die erste Gruppe mit Kindern mit Erkrankungen der gute Evolution, behandelt als Kinder mit niedrigem Geburtsgewicht, w\u00e4hrend die zweite Gruppe, die am h\u00e4ufigsten vorkommenden Kinder mit Autismus machen, und sie bis zu 4 Jahre sind, wenn sie, zur Bildung abgeleitet sind.<\/p>\n<p>Center, ambulante, dient die Bed\u00fcrfnisse von Kindern, die St\u00f6rungen in ihrer Entwicklung oder sind gef\u00e4hrdet eine Sicht-Integral, leiden, w\u00e4hrend die Verbesserung des Bio-psychosoziale Aspekte ihre Kapazit\u00e4ten und Wohlbefinden erm\u00f6glicht deren Integration in Familie, Schule und Soziales Umfeld, sowie ihre Autonomie Personal.<\/p>\n<p>, hat erkl\u00e4rt, dass wenn einer Familie teilt mit, dass der Minderj\u00e4hrige hat diese Erkrankung leidet &#8220;einem erheblichen emotionalen Schock&#8221; noch &#8220;viele Male Desestructura Koexistenz&#8221;. enth\u00e4lt daher moderne Behandlung im Fr\u00fchstadium auch Pflege Familie.<\/p>\n<p>CUDAP Aktivit\u00e4ten sind f\u00fcnf grundlegenden Programmen, die auch einschlie\u00dfen, Physiotherapie, Sprachtherapie, kognitive Entwicklung, Unterst\u00fctzung und Familienberatung orchestriert und Sensibilisierung f\u00fcr die Umwelt des Kindes., verf\u00fcgt \u00fcber verschiedene Zimmer zu Interventionen mit dem Kind und seiner Familie (Beratung, Psychologen, Logop\u00e4den, usw.), Halle der Physiotherapie, Mehrzweckraum f\u00fcr die Entwicklung des Individuums und Gruppenaktivit\u00e4ten, und Stimulierung neurokognitiven und sensorische Integration Room.<\/p>\n<p> &lt; p&gt; Au\u00dferdem der Regionalminister Jorge Cabr\u00e9 &#8220;die Bedeutung der Fr\u00fcherkennung von einige \u00c4nderungen in der Entwicklung von Kindern, die eine deutliche Verbesserung ihrer Lebensqualit\u00e4t&#8221; bekr\u00e4ftigt hat, und hat daf\u00fcr gesorgt, dass &#8220;durch die Behandlung im Fr\u00fchstadium Zentren mit einer geeigneten Reifung in allen Bereichen bereitgestellt werden&#8221;.<\/p>\n<p>1.800 Pl\u00e4tze in Gemeinschaft<\/p>\n<p>bei vorhanden, Valencia hat 31 fr\u00fche Zentren f\u00fcr Pflege oder vorbeugenden Behandlung von Kindern mit Problemen der Entwicklung oder Risiko f\u00fcr sie, die insgesamt 1.800 Sitzpl\u00e4tzen f\u00fcr Kinder angeboten, im Alter von 0 bis 3, so dass t\u00e4gliche Betreuung auf mehr als 4.000 Kinder.<\/p>\n<p>diese Zentren h\u00e4ngen Entit\u00e4ten ohne Geist der Profit in der Asindown-Stiftung und der valencianischen Verband der Hilfe zu Zerebralparese (AVAPACE) oder Gemeinden X\u00e0tiva und Orihuela, unter anderem im Jahr 2012 die Abteilung Justiz und Soziales stellt f\u00fcr 6,1 Millionen Euro in Form von Zusch\u00fcssen zu diesen Zentren.<\/p>\n<p>&#8220;die Generalit\u00c3 \u00a4 t hat trotz Wirtschaftskrise die Budgets f\u00fcr die sozial schwachen nicht abgenommen und in einigen F\u00e4llen ist es gestiegen, wie zum Beispiel f\u00fcr Menschen mit Behinderungen, die in dieser \u00dcbung um 6,4 Millionen Euro mehr als im Jahr 2011 erh\u00f6ht&#8221;, betonte.<\/p>\n<p>ihrerseits, der Rektor der Universitat, Esteban Morcillo, hat deutlich gemacht, die Lehre und Forschung der CUDAT Arbeit und hat auch hervorgehoben, dass moderne Gesellschaften m\u00fcssen &#8220;Sensibilit\u00e4t gegen\u00fcber den meisten benachteiligte zeigen&#8221; und &#8220;alles, damit sie in die Gesellschaft zu integrieren tun&#8221;.<\/p>\n","protected":false},"excerpt":{"rendered":"<p>VALENCIA, 13 ( EUROPA PRESS) der Minister f\u00fcr Gerechtigkeit und Soziale Wohlfahrt, Jorge Cabr\u00e9, unterzeichnet Dienstag mit dem Rektor der Universitat de Val\u00e8ncia, Esteban Morcillo, \u00dcbereinkommen \u00fcber Wartungszentrum Universitari de Diagnose i Aten Primerenca-CUDAT, mit denen die Generalitat Valenciana 349.991 Euro in diesem Jahr bestimmt diese Anlaufstelle f\u00fcr und prophylaktische Behandlung von Kindern unter 3 [&hellip;]<\/p>\n","protected":false},"author":1,"featured_media":0,"comment_status":"close","ping_status":"open","sticky":false,"template":"","format":"standard","meta":{"footnotes":""},"categories":[3],"tags":[34976],"class_list":["post-23795","post","type-post","status-publish","format-standard","hentry","category-allgemeine","tag-starkem","et-doesnt-have-format-content","et_post_format-et-post-format-standard"],"_links":{"self":[{"href":"https:\/\/www.best-dentist-dentistry.com\/de\/wp-json\/wp\/v2\/posts\/23795","targetHints":{"allow":["GET"]}}],"collection":[{"href":"https:\/\/www.best-dentist-dentistry.com\/de\/wp-json\/wp\/v2\/posts"}],"about":[{"href":"https:\/\/www.best-dentist-dentistry.com\/de\/wp-json\/wp\/v2\/types\/post"}],"author":[{"embeddable":true,"href":"https:\/\/www.best-dentist-dentistry.com\/de\/wp-json\/wp\/v2\/users\/1"}],"replies":[{"embeddable":true,"href":"https:\/\/www.best-dentist-dentistry.com\/de\/wp-json\/wp\/v2\/comments?post=23795"}],"version-history":[{"count":0,"href":"https:\/\/www.best-dentist-dentistry.com\/de\/wp-json\/wp\/v2\/posts\/23795\/revisions"}],"wp:attachment":[{"href":"https:\/\/www.best-dentist-dentistry.com\/de\/wp-json\/wp\/v2\/media?parent=23795"}],"wp:term":[{"taxonomy":"category","embeddable":true,"href":"https:\/\/www.best-dentist-dentistry.com\/de\/wp-json\/wp\/v2\/categories?post=23795"},{"taxonomy":"post_tag","embeddable":true,"href":"https:\/\/www.best-dentist-dentistry.com\/de\/wp-json\/wp\/v2\/tags?post=23795"}],"curies":[{"name":"wp","href":"https:\/\/api.w.org\/{rel}","templated":true}]}}