{"id":23813,"date":"2012-11-09T02:23:02","date_gmt":"2012-11-09T02:23:02","guid":{"rendered":null},"modified":"-0001-11-30T00:00:00","modified_gmt":"-0001-11-30T00:00:00","slug":"doctors-and-health-ministry-officials-begin-strike-in-paraguay","status":"publish","type":"post","link":"https:\/\/www.best-dentist-dentistry.com\/de\/doctors-and-health-ministry-officials-begin-strike-in-paraguay\/23813","title":{"rendered":"\u00c4rzte und Gesundheit Ministerialbeamte beginnen, Streik in Paraguay"},"content":{"rendered":"<p class=\"first\"> <span class=\"yshortcuts\" id=\"lw_1331678193_0\"> Asunci\u00f3n<\/span>, 13 M\u00e4r (<span class=\"yshortcuts\" id=\"lw_1331678193_1\"> EFE<\/span>).-<span class=\"yshortcuts\" id=\"lw_1331678193_2\"> \u00c4rzte<\/span> und <span class=\"yshortcuts\" id=\"lw_1331678193_3\"> Beamten<\/span> des <span class=\"yshortcuts\" id=\"lw_1331678193_4\"> Gesundheitsministeriums<\/span> von <span class=\"yshortcuts\" id=\"lw_1331678193_5\"> Paraguay<\/span> begann heute einen Streik in der <span class=\"yshortcuts\" id=\"lw_1331678193_6\"> Ablehnung<\/span> einer Aufl\u00f6sung von Betriebsstunden im Bereich und in Abkehr von den Ger\u00fcchten \u00fcber m\u00f6glichen massive Entlassungen <span class=\"yshortcuts\" id=\"lw_1331678193_7\"> erh\u00f6hen<\/span>.<\/p>\n<p>das <span class=\"yshortcuts\" id=\"lw_1331678193_8\"> Ma\u00df<\/span> der Kraft wurde von der National Federation of einberufen Trabajadores De La Salud (FNTS), la wichtigsten del Pa\u00eds, Cuyos Dirigentes Ratificaron Esta Tarde Su Postura Durante Una Reuni\u00f3n Con las Autoridades de Salud y del Ministerio de Justicia y Trabajo.<\/p>\n<p>&#8220;Hay M\u00e1s 20.000 de Trabajadores De La Salud P\u00fablica, Heu un Acatamiento Muy Alto De La Medida de Gran Parte del Pa\u00eds&#8221;, Dijo ein Efe el Medico Carlos Cubas, Uno de Los Dirigentes De La FNTS.<\/p>\n<p>La Fuente Detall\u00f3 Que Protestan Contra las Pretensiones De La Cartera del Ramo de Aumentar &#8220;las Cargas Horarias al Doble, Incluso al dreifache S\u00fcnde Aumentos Salariales a Partir del 1 de Abril Pr\u00f3ximo&#8221;.<\/p>\n<p>Asever\u00f3 Que Tambi\u00e9n Se Manifiestan En Contra de el Mottos Despido &#8220;de 256 M\u00e9dicos Seg\u00fan la Ministra (Esperanza Mart\u00ednez), M\u00e1s de 600 Seg\u00fan la FNTS&#8221;.<\/p>\n<p>Por Su Parte, el Ministerio de Salud Aclar\u00f3 de un Comunicado Que de Los 33.000 Funcionarios Con Que Cuenta Este Organismo, 1.114 Sohn Los Designados Para la Aplicaci\u00f3n De La Carga Horaria.<\/p>\n<p>&#8220;Los Funcionarios Que Han Sido Afectados Por el Aumento De La Carga Horaria Actualmente Perciben Una Remuneraci\u00f3n Que es Superior ein Los Est\u00e1ndares del Mercado &#8220;, la Fuente Remarc\u00f3.<\/p>\n<p>Cita Como Ejemplo Que Una Profesional Bioqu\u00edmica del Sektor Privado Percibe Actualmente un Durchschnitt de 20.500 Guaran\u00edes (Unos 4 D\u00f3lares) Por Cada Hora de Trabajo, Mientras Que Una Funcionaria de \u00e4hnliche Rango del Ministerio de Salud Proporciona 57.500 Guaran\u00edes (Unos 13 D\u00f3lares) Por Cada Hora de Trabajo.<\/p>\n<p>Mart\u00ednez Observ\u00f3 Ante Periodistas Que solo Unas 60 Personas Se Plegaron a la Huelga y Critic\u00f3 la Medida de Fuerza Adoptada Por la FNTS de Momentos de Que el Pa\u00eds Afronta Una Nueva Epidemia de Dengue, Una Enfermedad End\u00e9mica de Este Pa\u00eds Suramericano.<\/p>\n<p>La nistra de Salud Tambi\u00e9n Advirti\u00f3 Sobre Posibles Sanciones Los Convocantes De La Huelga Abs.<\/p>\n<p>Cubas Sali\u00f3 al Paso de ESA Declaraciones y Acus\u00f3 ein Mart\u00ednez de Werkzeug Esta Situaci\u00f3n de Confrontaci\u00f3n Con Los Funcionarios.<\/p>\n<p>&#8220;Es kann vorkommen, die in einer Situation wie dieser Anstieg zu verdoppeln oder verdreifachen die Last eines Arbeitnehmers aus einseitig und ohne Entsch\u00e4digung und dass er 600 Leute entlassen&#8221;, sagte er. EFE<\/p>\n","protected":false},"excerpt":{"rendered":"<p>Asunci\u00f3n, 13 M\u00e4r ( EFE).- \u00c4rzte und Beamten des Gesundheitsministeriums von Paraguay begann heute einen Streik in der Ablehnung einer Aufl\u00f6sung von Betriebsstunden im Bereich und in Abkehr von den Ger\u00fcchten \u00fcber m\u00f6glichen massive Entlassungen erh\u00f6hen. das Ma\u00df der Kraft wurde von der National Federation of einberufen Trabajadores De La Salud (FNTS), la wichtigsten del [&hellip;]<\/p>\n","protected":false},"author":1,"featured_media":0,"comment_status":"close","ping_status":"open","sticky":false,"template":"","format":"standard","meta":{"footnotes":""},"categories":[3],"tags":[34977],"class_list":["post-23813","post","type-post","status-publish","format-standard","hentry","category-allgemeine","tag-verste","et-doesnt-have-format-content","et_post_format-et-post-format-standard"],"_links":{"self":[{"href":"https:\/\/www.best-dentist-dentistry.com\/de\/wp-json\/wp\/v2\/posts\/23813","targetHints":{"allow":["GET"]}}],"collection":[{"href":"https:\/\/www.best-dentist-dentistry.com\/de\/wp-json\/wp\/v2\/posts"}],"about":[{"href":"https:\/\/www.best-dentist-dentistry.com\/de\/wp-json\/wp\/v2\/types\/post"}],"author":[{"embeddable":true,"href":"https:\/\/www.best-dentist-dentistry.com\/de\/wp-json\/wp\/v2\/users\/1"}],"replies":[{"embeddable":true,"href":"https:\/\/www.best-dentist-dentistry.com\/de\/wp-json\/wp\/v2\/comments?post=23813"}],"version-history":[{"count":0,"href":"https:\/\/www.best-dentist-dentistry.com\/de\/wp-json\/wp\/v2\/posts\/23813\/revisions"}],"wp:attachment":[{"href":"https:\/\/www.best-dentist-dentistry.com\/de\/wp-json\/wp\/v2\/media?parent=23813"}],"wp:term":[{"taxonomy":"category","embeddable":true,"href":"https:\/\/www.best-dentist-dentistry.com\/de\/wp-json\/wp\/v2\/categories?post=23813"},{"taxonomy":"post_tag","embeddable":true,"href":"https:\/\/www.best-dentist-dentistry.com\/de\/wp-json\/wp\/v2\/tags?post=23813"}],"curies":[{"name":"wp","href":"https:\/\/api.w.org\/{rel}","templated":true}]}}