{"id":2382,"date":"2011-11-16T10:01:34","date_gmt":"2011-11-16T10:01:34","guid":{"rendered":null},"modified":"-0001-11-30T00:00:00","modified_gmt":"-0001-11-30T00:00:00","slug":"doctors-pick-canarian-government-that-support-cuts-from-years-ago-so-it-will-be-tomorrow-strike","status":"publish","type":"post","link":"https:\/\/www.best-dentist-dentistry.com\/de\/doctors-pick-canarian-government-that-support-cuts-from-years-ago-so-it-will-be-tomorrow-strike\/2382","title":{"rendered":"\u00c4rzte Kommissionierung Kanarische Regierung, die unterst\u00fctzen schneidet von Jahren, so wird es morgen Strike (en)"},"content":{"rendered":"<p>LAS PALMAS DE GRAN CANARIA, 16 (EUROPA PRESS)<\/p>\n<p>Die Union von \u00c4rzten der Kanarischen Inseln hat scharfe Mittwoch die autonome Exekutive, die unterst\u00fctzen die K\u00fcrzungen vor Jahren, so haben beschlossen zu gehen morgen, Donnerstag, November 17, in den Streik.<\/p>\n<p>So hat darauf hingewiesen, dass, sagte Europa Press, der Pr\u00e4sident der Gewerkschaften, Isidro Rexachs, wer hin, dass darauf nach den Assemblys in Krankenh\u00e4usern und in der Prim\u00e4rversorgung durchgef\u00fchrt, hat es die Entscheidung zu gehen, um den Streik.<\/p>\n<p>&#8220;Beginn unserer Aktivit\u00e4ten handelt&#8221;, betont; Rexarchs gewarnt, da\u00df wenn es keine Reaktion aus der regionalen Verwaltung, ab der zweiten H\u00e4lfte Januar Demonstrationen, dass &#8220;erfolgen Fall&#8221; die Anforderungen des Kollektivs weiterhin, die auf den Kanarischen Inseln auf rund 2.360 Experten.<\/p>\n<p>Ist eine der Aktionen, die zur Durchf\u00fchrung von Wartelisten in den Konsultationen Verf\u00fcgbarmachen von, dass Benutzer benachrichtigt werden und k\u00f6nnen zu wissen, dass &#8220;Es ist die Verwaltung der Regierung &#8211; Kanarische Inseln-das macht, dass es eine \u00fcberm\u00e4\u00dfige Zeit gibt&#8221; Menschen, verursacht die Wartelisten zu Testzwecken<\/p>\n<p>Stellt sicher, die \u00c4rzte haben &#8220;immer&#8221; auf Ihrer Seite, weil sie darauf bestehen, dass sie kommen von der Unterst\u00fctzung der K\u00fcrzungen ab 2010 und &#8220;noch in diesem Jahr ist&#8221;. In diesem Zusammenhang erinnert er daran, dass Elemente der Gesundheit &#8220;Aufstieg&#8221;, die steigt zwar die in Kapitel I des Personals, da es ein Fall von 50 Mio EUR bis zum Jahr 2012 erwartet wird. <\/p>\n<p>&#8220;Das ist, was wir nicht zustimmen&#8221;, Apuntill\u00f3. F\u00fcr die Union von \u00c4rzten der Kanarischen Inseln &#8220;gibt es andere Sites&#8221; die schneiden ohne, dass sie zu Humanressourcen, sowie andere Abteilungen der regionalen Exekutive und hier zitiert die Geb\u00e4ude der Kanarischen Inseln mit &#8220;aufgebl\u00e4hten Unternehmen&#8221; zur Regierung, die Polizei oder die regionalen Fernsehsender, weil er dies kritisiert zuletzt hat zwei Kan\u00e4le.<\/p>\n<p>F\u00fcr Rexarchs, wenn es hei\u00dft, dass Dienste nicht ber\u00fchren &#8220;ist eine L\u00fcge&#8221;.<\/p>\n<p>Verwies auch auf den Vergleich der Kopf des Kanarischen Executive, Paulino Rivero, auf die Geh\u00e4lter der Pr\u00e4sidenten und \u00c4rzte. Hier bedauert er diese Tatsachen, weil es betont, dass ihre Ern\u00e4hrung in der Personalabrechnung angegeben sind, und sagte, dass der Vergleich &#8220;nicht die am besten geeignete&#8221;.<\/p>\n<p>Im \u00fcbrigen der Auffassung, dass es sie ist wird Kampagnen &#8220;hinterlistig&#8221; in dem sie sind &#8220;beschuldigt Chapelgorris wenn es nicht zur Realit\u00e4t entspricht&#8221;, weil sie darauf bestehen, dass sie &#8220;die maximalen K\u00fcrzungen leiden&#8221;.<\/p>\n<p>Schlie\u00dflich in Bezug auf die Vorw\u00fcrfe des &#8220;Insolidarios f\u00fcr viele wollen nicht mehr Arbeit eine halbe Stunde zu tun&#8221;, es hinzugef\u00fcgt als die 30 Minuten mehr jeden Tag &#8220;ist nicht wahr&#8221;, wie man der Auffassung war, dass dies auf eventuelle Vertr\u00e4ge in etwa 1.500 Besch\u00e4ftigte, f\u00fchren wird, die Benutzer und l\u00e4ssig Mitarbeiter auswirkt. So kritisiert Regionalregierung, weil &#8220;es nicht vermittelt hat&#8221; zur Durchf\u00fchrung des Vorentwurfs des Act<\/p>\n","protected":false},"excerpt":{"rendered":"<p>LAS PALMAS DE GRAN CANARIA, 16 (EUROPA PRESS) Die Union von \u00c4rzten der Kanarischen Inseln hat scharfe Mittwoch die autonome Exekutive, die unterst\u00fctzen die K\u00fcrzungen vor Jahren, so haben beschlossen zu gehen morgen, Donnerstag, November 17, in den Streik. So hat darauf hingewiesen, dass, sagte Europa Press, der Pr\u00e4sident der Gewerkschaften, Isidro Rexachs, wer hin, [&hellip;]<\/p>\n","protected":false},"author":1,"featured_media":0,"comment_status":"close","ping_status":"open","sticky":false,"template":"","format":"standard","meta":{"footnotes":""},"categories":[3],"tags":[8772,8766,8768,8767,8770,8771,8769],"class_list":["post-2382","post","type-post","status-publish","format-standard","hentry","category-allgemeine","tag-en","tag-berhren","tag-kanarische","tag-kommissionierung","tag-schneidet","tag-strike","tag-untersttzen","et-doesnt-have-format-content","et_post_format-et-post-format-standard"],"_links":{"self":[{"href":"https:\/\/www.best-dentist-dentistry.com\/de\/wp-json\/wp\/v2\/posts\/2382","targetHints":{"allow":["GET"]}}],"collection":[{"href":"https:\/\/www.best-dentist-dentistry.com\/de\/wp-json\/wp\/v2\/posts"}],"about":[{"href":"https:\/\/www.best-dentist-dentistry.com\/de\/wp-json\/wp\/v2\/types\/post"}],"author":[{"embeddable":true,"href":"https:\/\/www.best-dentist-dentistry.com\/de\/wp-json\/wp\/v2\/users\/1"}],"replies":[{"embeddable":true,"href":"https:\/\/www.best-dentist-dentistry.com\/de\/wp-json\/wp\/v2\/comments?post=2382"}],"version-history":[{"count":0,"href":"https:\/\/www.best-dentist-dentistry.com\/de\/wp-json\/wp\/v2\/posts\/2382\/revisions"}],"wp:attachment":[{"href":"https:\/\/www.best-dentist-dentistry.com\/de\/wp-json\/wp\/v2\/media?parent=2382"}],"wp:term":[{"taxonomy":"category","embeddable":true,"href":"https:\/\/www.best-dentist-dentistry.com\/de\/wp-json\/wp\/v2\/categories?post=2382"},{"taxonomy":"post_tag","embeddable":true,"href":"https:\/\/www.best-dentist-dentistry.com\/de\/wp-json\/wp\/v2\/tags?post=2382"}],"curies":[{"name":"wp","href":"https:\/\/api.w.org\/{rel}","templated":true}]}}