{"id":2383,"date":"2011-11-16T10:01:43","date_gmt":"2011-11-16T10:01:43","guid":{"rendered":null},"modified":"-0001-11-30T00:00:00","modified_gmt":"-0001-11-30T00:00:00","slug":"health-calls-on-la-rioja-to-quote-in-immediate-manner-basque-patients","status":"publish","type":"post","link":"https:\/\/www.best-dentist-dentistry.com\/de\/health-calls-on-la-rioja-to-quote-in-immediate-manner-basque-patients\/2383","title":{"rendered":"Gesundheit fordert La Rioja &#8220;auf unmittelbare Weise&#8221; Baskisch Patienten zitieren"},"content":{"rendered":"<p>Logro\u00f1o, 16 nov (EFE).-das Ministerium f\u00fcr Gesundheit, Soziales und Chancengleichheit hat die Regierung von La Rioja Zitate &#8220;unverz\u00fcglich&#8221;, zu den Patienten der baskischen Gemeinden an der Grenze der Gemeinschaft wieder aufgerufen und die &#8220;einf\u00fchren&#8221;, einen Dialog mit den Executive Baskisch zu einer Vereinbarung.<\/p>\n<p>In einem Brief die Zugang Efe gehabt hat, fordert der Generalsekret\u00e4r der Gesundheit, Alfonso Jim\u00e9nez, La Rioja Gesundheit, Jos\u00e9 Ignacio Nieto, Berater &#8220;zu l\u00f6sen, sobald&#8221;, das Problem mit den Patienten von der Rioja Alavesa und Ribera Navarra, waren in Gesundheitszentren in La Rioja und betreut seit September, haben nicht diese Unterst\u00fctzung.<\/p>\n<p>Nieto hat erkl\u00e4rt bei Pressekonferenz, dass erhielt dieses Schreiben und zwei Aufrufe von Telefonnummern des Ministeriums am Montag und Freitag, aber hat darauf bestanden, dass die Regierung von La Rioja wird um zu verhandeln zur Zeit sitzen, in der beantragte sie die baskische Executive.<\/p>\n<p>Auf Fragen von Journalisten auf den Inhalt des Briefes, Berater hat darauf hingewiesen, dass in dem Schreiben des Ministeriums, die angefordert die Regierung von La Rioja und die baskische zuzustimmen. &#8220;Zu der Zeit, die es der baskischen Regierung gestellt&#8221;, beantwortet Enkel fragte ihn, wenn dieses Abkommens produziert werden kann.<\/p>\n<p>\u00dcber Navarra, bevor Sie diese Anweisungen, die Berater, die bei einem anderen Treffen mit Journalisten, gesagt dass das Abkommen mit der Provinz und autonomen Gemeinschaft werden, vor dem Ende dieses Monats gel\u00f6st wird.<\/p>\n<p>In dem Schreiben, in dem der Generalsekret\u00e4r der Gesundheit von Dialog, Erh\u00f6hung der Rioja Regierung zur Verf\u00fcgung gestellt Alfonso Jim\u00e9nez behauptet, die Probleme des Managements &#8220;bekannt&#8221; und wirtschaftlichen, dass es zur Betreuung der Patienten anderer Gemeinschaften f\u00fchren kann, aber diese Situation kann nicht \u00fcbernommen werden &#8220;Schwierigkeiten zur Gesundheitsversorgung&#8221;.<\/p>\n<p>&#8220;Ist nicht notwendig, denken Sie daran, die Grunds\u00e4tze unseres Rechtssystems, den Zusammenhalt und Qualit\u00e4t des nationalen Gesundheitssystems Act und der Verfassung die verankert den Grundsatz der Solidarit\u00e4t zwischen den autonomen Gemeinschaften zwischen dessen Grunds\u00e4tze Koordinierung und Zusammenarbeit der Verwaltungen \u00f6ffentliche Gesundheit Abbildung&#8221;, f\u00fcgt Jim\u00e9nez in dem Schreiben der Berater aus.<\/p>\n<p>Der Generalsekret\u00e4r der Gesundheit des Ministeriums bedauert, dass die Regierung von La Rioja diese Entscheidung &#8220;ohne jede vorherige Verhandlung hat&#8221;, und darauf bestanden hat, dass es &#8220;beraubt&#8221; Baskisch Patienten des Gesundheitswesens, der jahrelang&#8221;&#8221; mit &#8220;absoluter Normalit\u00e4t&#8221; und &#8220;Zufriedenheit&#8221; bezahlt wurde.<\/p>\n<p>&#8220;Ich habe f\u00fcr was Sie auf diesen Prozess angebracht zur Verf\u00fcgung und Sie haben Ihnen mitteilen, dass ich haben sich die Direktoren der Gesundheit im Baskenland und Navarra zu bitten, dass sie dies f\u00f6rdern Dialog, die notwendigerweise, abgeschlossen in Vereinbarungen, unter Wahrung der Interessen der Parteien, mit Schwerpunkt auf die Bereitstellung des besten Gesundheit Sorgfalt f\u00fcr Patienten,&#8221; geschlossen den Buchstaben des hohen Amtes des Ministeriums.<\/p>\n","protected":false},"excerpt":{"rendered":"<p>Logro\u00f1o, 16 nov (EFE).-das Ministerium f\u00fcr Gesundheit, Soziales und Chancengleichheit hat die Regierung von La Rioja Zitate &#8220;unverz\u00fcglich&#8221;, zu den Patienten der baskischen Gemeinden an der Grenze der Gemeinschaft wieder aufgerufen und die &#8220;einf\u00fchren&#8221;, einen Dialog mit den Executive Baskisch zu einer Vereinbarung. In einem Brief die Zugang Efe gehabt hat, fordert der Generalsekret\u00e4r der [&hellip;]<\/p>\n","protected":false},"author":1,"featured_media":0,"comment_status":"close","ping_status":"open","sticky":false,"template":"","format":"standard","meta":{"footnotes":""},"categories":[3],"tags":[8772,8774,8773,8775],"class_list":["post-2383","post","type-post","status-publish","format-standard","hentry","category-allgemeine","tag-en","tag-baskisch","tag-rioja","tag-zitieren","et-doesnt-have-format-content","et_post_format-et-post-format-standard"],"_links":{"self":[{"href":"https:\/\/www.best-dentist-dentistry.com\/de\/wp-json\/wp\/v2\/posts\/2383","targetHints":{"allow":["GET"]}}],"collection":[{"href":"https:\/\/www.best-dentist-dentistry.com\/de\/wp-json\/wp\/v2\/posts"}],"about":[{"href":"https:\/\/www.best-dentist-dentistry.com\/de\/wp-json\/wp\/v2\/types\/post"}],"author":[{"embeddable":true,"href":"https:\/\/www.best-dentist-dentistry.com\/de\/wp-json\/wp\/v2\/users\/1"}],"replies":[{"embeddable":true,"href":"https:\/\/www.best-dentist-dentistry.com\/de\/wp-json\/wp\/v2\/comments?post=2383"}],"version-history":[{"count":0,"href":"https:\/\/www.best-dentist-dentistry.com\/de\/wp-json\/wp\/v2\/posts\/2383\/revisions"}],"wp:attachment":[{"href":"https:\/\/www.best-dentist-dentistry.com\/de\/wp-json\/wp\/v2\/media?parent=2383"}],"wp:term":[{"taxonomy":"category","embeddable":true,"href":"https:\/\/www.best-dentist-dentistry.com\/de\/wp-json\/wp\/v2\/categories?post=2383"},{"taxonomy":"post_tag","embeddable":true,"href":"https:\/\/www.best-dentist-dentistry.com\/de\/wp-json\/wp\/v2\/tags?post=2383"}],"curies":[{"name":"wp","href":"https:\/\/api.w.org\/{rel}","templated":true}]}}