{"id":23852,"date":"2012-11-09T02:26:42","date_gmt":"2012-11-09T02:26:42","guid":{"rendered":null},"modified":"-0001-11-30T00:00:00","modified_gmt":"-0001-11-30T00:00:00","slug":"ciu-asks-the-government-measures-that-will-be-taken-against-anorexia-and-bulimia-on-the-internet-and-media","status":"publish","type":"post","link":"https:\/\/www.best-dentist-dentistry.com\/de\/ciu-asks-the-government-measures-that-will-be-taken-against-anorexia-and-bulimia-on-the-internet-and-media\/23852","title":{"rendered":"CiU fragt die staatlichen Ma\u00dfnahmen, die gegen Anorexie und Bulimie im Internet und Medien"},"content":{"rendered":"<p class=\"first\"> MADRID, 18 (EUROPA PRESS)<\/p>\n<p>kam ich (CiU) Konvergenz-Gruppe registriert hat eine Reihe von Fragen im Kongress, wo die Regierung aufgefordert, die Ma\u00dfnahmen, die getroffen werden, um den Kampf gegen Anorexie und Bulimie, in Bereichen wie soziale Netzwerke und Medien, zu erkl\u00e4ren<\/p>\n<p>stellvertretender Carles Campuzano ich Canades, hat vier geschrieben registriert Fragen, die durch Reuters, in denen Anforderungen Erkl\u00e4rungen als Ma\u00dfnahmen, die beabsichtigen zu begr\u00fcnden &#8220;Verh\u00fctung und Bek\u00e4mpfung von z. B. Essst\u00f6rungen Magersucht und Bulimie&#8221;, und, insbesondere im Bereich der Mode, insbesondere &#8220;im Hinblick auf Kleidergr\u00f6\u00dfen&#8221;; im Bereich der sozialen Netzwerke und das Internet, und schlie\u00dflich in die Mittel der Kommunikation.<\/p>\n<p>zum selben Thema, Campuzano ich Canades hofften die zentrale Exekutive zu reagieren, wie es die Wirkung auf die Aussage des Gesetzes zur Bek\u00e4mpfung der Essst\u00f6rungen (161\/002234), nicht genehmigte die Kommission Gesundheit, Sozialpolitik und Verbrauch der vergangenen Legislaturperiode auf seiner Tagung am 25. Mai 2011 geben wird.<\/p>\n<p>auf der anderen Seite fragt Frau Mar\u00eda Concepci\u00f3 Tarruella Tom\u00e0s auch der CiU die Regierung f\u00fcr die Ma\u00dfnahmen, die sie ergreifen, um die Bewegung durch Lobbyarbeit von seiner Gruppe, angenommen am 16. M\u00e4rz 2010 im Kongress, relativ zum Treffen will bewirken eine Verbesserung der Lebensqualit\u00e4t und den Zugang zu den Behandlungen im gleichen Bedingungen von seltenen Krankheiten betroffenen.<\/p>\n","protected":false},"excerpt":{"rendered":"<p>MADRID, 18 (EUROPA PRESS) kam ich (CiU) Konvergenz-Gruppe registriert hat eine Reihe von Fragen im Kongress, wo die Regierung aufgefordert, die Ma\u00dfnahmen, die getroffen werden, um den Kampf gegen Anorexie und Bulimie, in Bereichen wie soziale Netzwerke und Medien, zu erkl\u00e4ren stellvertretender Carles Campuzano ich Canades, hat vier geschrieben registriert Fragen, die durch Reuters, in [&hellip;]<\/p>\n","protected":false},"author":1,"featured_media":0,"comment_status":"close","ping_status":"open","sticky":false,"template":"","format":"standard","meta":{"footnotes":""},"categories":[3],"tags":[34992],"class_list":["post-23852","post","type-post","status-publish","format-standard","hentry","category-allgemeine","tag-wiegen","et-doesnt-have-format-content","et_post_format-et-post-format-standard"],"_links":{"self":[{"href":"https:\/\/www.best-dentist-dentistry.com\/de\/wp-json\/wp\/v2\/posts\/23852","targetHints":{"allow":["GET"]}}],"collection":[{"href":"https:\/\/www.best-dentist-dentistry.com\/de\/wp-json\/wp\/v2\/posts"}],"about":[{"href":"https:\/\/www.best-dentist-dentistry.com\/de\/wp-json\/wp\/v2\/types\/post"}],"author":[{"embeddable":true,"href":"https:\/\/www.best-dentist-dentistry.com\/de\/wp-json\/wp\/v2\/users\/1"}],"replies":[{"embeddable":true,"href":"https:\/\/www.best-dentist-dentistry.com\/de\/wp-json\/wp\/v2\/comments?post=23852"}],"version-history":[{"count":0,"href":"https:\/\/www.best-dentist-dentistry.com\/de\/wp-json\/wp\/v2\/posts\/23852\/revisions"}],"wp:attachment":[{"href":"https:\/\/www.best-dentist-dentistry.com\/de\/wp-json\/wp\/v2\/media?parent=23852"}],"wp:term":[{"taxonomy":"category","embeddable":true,"href":"https:\/\/www.best-dentist-dentistry.com\/de\/wp-json\/wp\/v2\/categories?post=23852"},{"taxonomy":"post_tag","embeddable":true,"href":"https:\/\/www.best-dentist-dentistry.com\/de\/wp-json\/wp\/v2\/tags?post=23852"}],"curies":[{"name":"wp","href":"https:\/\/api.w.org\/{rel}","templated":true}]}}