{"id":23858,"date":"2012-11-09T02:27:12","date_gmt":"2012-11-09T02:27:12","guid":{"rendered":null},"modified":"-0001-11-30T00:00:00","modified_gmt":"-0001-11-30T00:00:00","slug":"minister-says-that-medical-equipment-is-convinced-chavez-recovery","status":"publish","type":"post","link":"https:\/\/www.best-dentist-dentistry.com\/de\/minister-says-that-medical-equipment-is-convinced-chavez-recovery\/23858","title":{"rendered":"Minister sagt, dass medizinischer Ger\u00e4te \u00fcberzeugt Chavez Recovery ist"},"content":{"rendered":"<p class=\"first\"> Caracas, 17 M\u00e4r (EFE).-der Gesundheitsministerin Eugenia Sader, Venezuela, EfE sagte, dass Pr\u00e4sident Hugo Ch\u00e1vez behandelt wird durch ein &#8220;interdisziplin\u00e4res Team&#8221; wer \u00fcberzeugt ist, dass der Pr\u00e4sident das Rezidiv des Krebses, der wieder im vergangenen Februar 26 in la Habana. betrieben wurde zu \u00fcbertreffen<\/p>\n<p>Chavez behandelt wird &#8220;eines multidisziplin\u00e4ren Teams, mit denen wir zusammen arbeiten&#8221;, sagte Sader ohne Angabe der Spezialit\u00e4ten oder die L\u00e4nder, aus denen sich das Team der \u00c4rzte.<\/p>\n<p>&#8220;sind alle Versicherungen, medizinische und nichtmedizinische, dass er diesen Kampf \u00fcberwunden wird, wie er bewiesen hat,&#8221; setzte der Minister.<\/p>\n<p>Pr\u00e4sident gestern kehrte nach Venezuela nach drei Wochen Aufenthalt in Kuba, wo Sie am 26. Februar von einem Krebsgeschw\u00fcr, Krebs Wiederauftreten betrieben wurde, die eingegriffen Hace Casi Nueve Meses Tambi\u00e9n de la Habana y del Que kein Se Han dado M\u00e1s Detalles M\u00e1s All\u00e1 de Que Se Encuentra En la Zona P\u00e9lvica.<\/p>\n<p>Sader Defendi\u00f3 el Hecho de Que no Se Haya Difundido la Naturaleza del Neuroendocrinolog\u00eda Que Aqueja al Presidente, Decisi\u00f3n Muy Criticada Por la Oposici\u00f3n Venezolana.<\/p>\n<p>&#8220;Hay Una Cosa Que Se Llama el Secreto M\u00e9dico y es lo Que el Paciente Quiere Que Se Diga. Tu Intimidad de Salud es Privada Para Ti, es Tu Derecho a Preservar&#8221;, Consider\u00f3 Sader, Quien Acompa\u00f1\u00f3 Durante Algunos D\u00edas al Jefe de Estado de Su Tratamiento de Kuba.<\/p>\n<p>Dijo Que Ch\u00e1vez &#8220;ha Hecho P\u00fablicos&#8221; Los informiert M\u00e9dicos y Que &#8220;W\u00fcrfel Todo el Tiempo Que Tiene el Tumor de la V\u00eda Abdominal-. \u00c9l ha Dicho lo Que \u00e9l Quiere Decir&#8221;, Agreg\u00f3.<\/p>\n<p>Sader Asegur\u00f3 Que Ch\u00e1vez Todav\u00eda keine ha Sido Sometido ein Sesiones de Radioterapia, un Tratamiento Que el Presidente ya Anunci\u00f3 Que Iba eine Necesitar Reiterando, sin Embargo, Que no Tiene Met\u00e1stasis.<\/p>\n<p>Seg\u00fan der Minister, Beginn der Strahlentherapie schl\u00e4gt fehl aber &#8220;mehrere Wochen&#8221; nach der Operation, wenn auch nicht gesagt, wenn die Behandlung in Venezuela oder Kuba erfolgt.<\/p>\n<p>Chavez ist trafen sich heute mit seinen Anh\u00e4ngern, die sicherstellen, dass Krebs nicht bei ihm sein kann und wollen einen Triumph &#8220;unvergesslichen&#8221; bei der Wahl des n\u00e4chsten Oktober, in denen eine dritte Wiederwahl sucht und konkurrieren mit dem Kandidaten der Opposition, Henrique Capriles.<\/p>\n<p>&#8220;der Pr\u00e4sident ist wie Sie es sehen. Ich sehe es als ein Krieger k\u00e4mpfen, wie er sagt, Klettern die Steigung und begeistert &#8220;, sagte der Minister. EFE<\/p>\n","protected":false},"excerpt":{"rendered":"<p>Caracas, 17 M\u00e4r (EFE).-der Gesundheitsministerin Eugenia Sader, Venezuela, EfE sagte, dass Pr\u00e4sident Hugo Ch\u00e1vez behandelt wird durch ein &#8220;interdisziplin\u00e4res Team&#8221; wer \u00fcberzeugt ist, dass der Pr\u00e4sident das Rezidiv des Krebses, der wieder im vergangenen Februar 26 in la Habana. betrieben wurde zu \u00fcbertreffen Chavez behandelt wird &#8220;eines multidisziplin\u00e4ren Teams, mit denen wir zusammen arbeiten&#8221;, sagte [&hellip;]<\/p>\n","protected":false},"author":1,"featured_media":0,"comment_status":"close","ping_status":"open","sticky":false,"template":"","format":"standard","meta":{"footnotes":""},"categories":[3],"tags":[34992],"class_list":["post-23858","post","type-post","status-publish","format-standard","hentry","category-allgemeine","tag-wiegen","et-doesnt-have-format-content","et_post_format-et-post-format-standard"],"_links":{"self":[{"href":"https:\/\/www.best-dentist-dentistry.com\/de\/wp-json\/wp\/v2\/posts\/23858","targetHints":{"allow":["GET"]}}],"collection":[{"href":"https:\/\/www.best-dentist-dentistry.com\/de\/wp-json\/wp\/v2\/posts"}],"about":[{"href":"https:\/\/www.best-dentist-dentistry.com\/de\/wp-json\/wp\/v2\/types\/post"}],"author":[{"embeddable":true,"href":"https:\/\/www.best-dentist-dentistry.com\/de\/wp-json\/wp\/v2\/users\/1"}],"replies":[{"embeddable":true,"href":"https:\/\/www.best-dentist-dentistry.com\/de\/wp-json\/wp\/v2\/comments?post=23858"}],"version-history":[{"count":0,"href":"https:\/\/www.best-dentist-dentistry.com\/de\/wp-json\/wp\/v2\/posts\/23858\/revisions"}],"wp:attachment":[{"href":"https:\/\/www.best-dentist-dentistry.com\/de\/wp-json\/wp\/v2\/media?parent=23858"}],"wp:term":[{"taxonomy":"category","embeddable":true,"href":"https:\/\/www.best-dentist-dentistry.com\/de\/wp-json\/wp\/v2\/categories?post=23858"},{"taxonomy":"post_tag","embeddable":true,"href":"https:\/\/www.best-dentist-dentistry.com\/de\/wp-json\/wp\/v2\/tags?post=23858"}],"curies":[{"name":"wp","href":"https:\/\/api.w.org\/{rel}","templated":true}]}}