{"id":23862,"date":"2012-11-09T02:27:30","date_gmt":"2012-11-09T02:27:30","guid":{"rendered":null},"modified":"-0001-11-30T00:00:00","modified_gmt":"-0001-11-30T00:00:00","slug":"pope-defends-to-ensure-for-all-adequate-access-to-water","status":"publish","type":"post","link":"https:\/\/www.best-dentist-dentistry.com\/de\/pope-defends-to-ensure-for-all-adequate-access-to-water\/23862","title":{"rendered":"Papst verteidigt &#8220;f\u00fcr alle&#8221; daf\u00fcr &#8220;angemessener Zugang&#8221; zu Wasser"},"content":{"rendered":"<p class=\"first\"> <span class=\"yshortcuts\" id=\"lw_1332076576_0\"> Vatikanstadt<\/span>, 18 M\u00e4r (<span class=\"yshortcuts\" id=\"lw_1332076576_1\"> EFE<\/span>).-<span class=\"yshortcuts\" id=\"lw_1332076576_2\"> Papst Benedikt XVI.<\/span> heute verteidigt die Notwendigkeit, &#8220;f\u00fcr alle&#8221; garantieren eine &#8220;gerechte, sichere und angemessene <span class=\"yshortcuts\"id=\"lw_1332076576_3\"> Wasser&#8221;<\/span> Zugriff auf Tausende von Gl\u00e4ubigen, die <span class=\"yshortcuts\" id=\"lw_1332076576_4\"> St. Peter&rsquo;s<\/span> Square das Angelus-Gebet Sonntag. kam<\/p>\n<p>Papstes erinnerte daran, dass Samstag in Marseille (<span class=\"yshortcuts\" id=\"lw_1332076576_5\"> Frankreich<\/span>) VI <span class=\"yshortcuts\" id=\"lw_1332076576_6\"> World Forum<\/span> <span class=\"yshortcuts\" id=\"lw_1332076576_7\"> Wasser<\/span> geschlossen und am n\u00e4chsten Donnerstag ist der <span class=\"yshortcuts\" id=\"lw_1332076576_8\"> Welttag<\/span> f\u00fcr Wasser, das in diesem Jahr konzentriert sich auf die Beziehung dieser &#8220;wertvolle und begrenzte Ressource mit Food Security&#8221; statt.<\/p>\n<p>Benedicto XVI \u00e4u\u00dferte seinen Wunsch, die diese Initiativen beitragen, Gew\u00e4hrleistung &#8220;f\u00fcr alle&#8221; &#8220;fair&#8221; Zugang zu Wasser und damit &#8220;das Recht auf Leben und jeder Mensch und Ern\u00e4hrung eine solidarische und verantwortungsvolle Nutzung aller G\u00fcter der Erde, zum Nutzen heutiger und k\u00fcnftiger Generationen&#8221; f\u00f6rdern.<\/p>\n<p>Papst auch darauf hingewiesen, das Morgen ist das Festival von San Jose und &#8220;von Herzen&#8221; dankte all jene, die eine Erinnerung f\u00fcr ihn in ihren gebeten, am Tag von seiner Onomastik. haben wird,<\/p>\n<p>es angefordert, die Gl\u00e4ubigen, die beten f\u00fcr seine Apostolische Besuch in Mexiko und Kuba, die zwischen 23 und 28 des March. stattfinden wird<\/p>\n<p>durch jenseits der Theologe Papst, erinnerte daran, dass heute ist der vierte Sonntag im geliehen, betont, dass jede S\u00fcnden, mu\u00df gestehen, so dass die Vergebung Gottes &#8220;in deinem Herzen und in eurem Leben&#8221; auswirken kann.<\/p>\n<p>&#8220;manchmal Mann liebt mehr Finsternis als Licht, weil er ihre S\u00fcnden montiert ist, aber nur, wenn das Licht \u00f6ffnet und aufrichtig bekennen unserer eigenen Sie Gott Schuld wahren Frieden und wirkliche Freude ist&#8221;, sagte er. EFE<\/p>\n","protected":false},"excerpt":{"rendered":"<p>Vatikanstadt, 18 M\u00e4r ( EFE).- Papst Benedikt XVI. heute verteidigt die Notwendigkeit, &#8220;f\u00fcr alle&#8221; garantieren eine &#8220;gerechte, sichere und angemessene Wasser&#8221; Zugriff auf Tausende von Gl\u00e4ubigen, die St. Peter&rsquo;s Square das Angelus-Gebet Sonntag. kam Papstes erinnerte daran, dass Samstag in Marseille ( Frankreich) VI World Forum Wasser geschlossen und am n\u00e4chsten Donnerstag ist der Welttag [&hellip;]<\/p>\n","protected":false},"author":1,"featured_media":0,"comment_status":"close","ping_status":"open","sticky":false,"template":"","format":"standard","meta":{"footnotes":""},"categories":[3],"tags":[34993],"class_list":["post-23862","post","type-post","status-publish","format-standard","hentry","category-allgemeine","tag-portieren","et-doesnt-have-format-content","et_post_format-et-post-format-standard"],"_links":{"self":[{"href":"https:\/\/www.best-dentist-dentistry.com\/de\/wp-json\/wp\/v2\/posts\/23862","targetHints":{"allow":["GET"]}}],"collection":[{"href":"https:\/\/www.best-dentist-dentistry.com\/de\/wp-json\/wp\/v2\/posts"}],"about":[{"href":"https:\/\/www.best-dentist-dentistry.com\/de\/wp-json\/wp\/v2\/types\/post"}],"author":[{"embeddable":true,"href":"https:\/\/www.best-dentist-dentistry.com\/de\/wp-json\/wp\/v2\/users\/1"}],"replies":[{"embeddable":true,"href":"https:\/\/www.best-dentist-dentistry.com\/de\/wp-json\/wp\/v2\/comments?post=23862"}],"version-history":[{"count":0,"href":"https:\/\/www.best-dentist-dentistry.com\/de\/wp-json\/wp\/v2\/posts\/23862\/revisions"}],"wp:attachment":[{"href":"https:\/\/www.best-dentist-dentistry.com\/de\/wp-json\/wp\/v2\/media?parent=23862"}],"wp:term":[{"taxonomy":"category","embeddable":true,"href":"https:\/\/www.best-dentist-dentistry.com\/de\/wp-json\/wp\/v2\/categories?post=23862"},{"taxonomy":"post_tag","embeddable":true,"href":"https:\/\/www.best-dentist-dentistry.com\/de\/wp-json\/wp\/v2\/tags?post=23862"}],"curies":[{"name":"wp","href":"https:\/\/api.w.org\/{rel}","templated":true}]}}