{"id":23863,"date":"2012-11-09T02:27:36","date_gmt":"2012-11-09T02:27:36","guid":{"rendered":null},"modified":"-0001-11-30T00:00:00","modified_gmt":"-0001-11-30T00:00:00","slug":"water-forum-closes-with-the-goal-of-bringing-this-matter-to-the-international-agenda","status":"publish","type":"post","link":"https:\/\/www.best-dentist-dentistry.com\/de\/water-forum-closes-with-the-goal-of-bringing-this-matter-to-the-international-agenda\/23863","title":{"rendered":"Wasserforum schlie\u00dft mit dem Ziel, diese Angelegenheit zu bringen, auf der internationalen agenda"},"content":{"rendered":"<p class=\"first\"> Paris, 17 mar (EFE).-the World Water Forum closed today in Marseille its sixth edition in order to convince world leaders to address the issue of water as &#8220;a global problem&#8221; that must be resolved &#8220;for the benefit of humanity&#8221;, in the words of its President, Loic Fauchon.<\/p>\n<p>&#8220;Live a radical change in the water issue&#8221; because &#8220;it has imposed itself as first priority of global development&#8221; said Fauchon in the Palace of congresses and conventions of Marseilles, in the southeast of France.<\/p>\n<p>this meeting of triennial nature, which continued to the one held in Istanbul in 2009 and brought together more than 10,000 people to discuss about water between 12 and 17 March, also certified that &#8220;the role of parliaments is absolutely crucial&#8221; to search for solutions in the field of sustainable management of water resources.<\/p>\n<p> &lt; p> En un Comunicado endg., el Presidente del Foro Celebr\u00f3 Que la Conferencia Mundial de Desarrollo Sostenible Rio + 20, Que haben Lugar del 20 al 22 de Junio de 2012 de Rio De Janeiro (Brasilien), Haya Decidido INSERT el Asunto del Agua Por Primera Vez Entre Sus Nueve Puntos Clave.<\/p>\n<p>Lo, la Asamblea General de las Naciones Unidas ha Fijado Para el Pr\u00f3ximo Mes de Julio Una Jornada &#8220;Totalmente Dedicada al Agua&#8221;, Agreg\u00f3 Fauchon En un Comunicado.<\/p>\n<p>Una Declaraci\u00f3n ministeriellen no Vinculante Adoptada Por Los Mr de las Delegaciones 130 de Pa\u00edses Presentes de el Foro Se\u00f1al\u00f3 Que es la Hora de Buscar &#8220;Soluciones&#8221; ein un Problema entscheidend-Para-Lograr-Los Objetivos del Milenio de 2015 de las Naciones Unidas.<\/p>\n<p>Entre Los Puntos Abordados Se Cuenta el Acceso al Agua trinkbares y al Saneamiento, ya Que Repercute En el Bienestar y la Salud de Todos Los Habitantes del Planeta y Sirve Como base Para Avanzar de el Desarrollo Sostenible y de la Creaci\u00f3n de Empleo.<\/p>\n<p> < p&gt; Parallel ein alternatives Forum, das zusammengebracht, Umweltsch\u00fctzer und \"Altermundistas\" versucht, zerschlagen die offizielle Nachricht zu betonen, dass Wasser keine Handelsware, sondern ein gemeinsames gut der alle B\u00fcrgerinnen und B\u00fcrger ist.<\/p>\n<p>Las ONG vertreten in diesem anderen Forum darauf hingewiesen, dass der Rahmen stimmt, f\u00fcr diese Art von Treffen UN Sonnenschirm und keinen Termin w\u00e4re geschafft &#8220;multinationale&#8221;.<\/p>\n<p>Fran\u00e7ois franz\u00f6sische Premierminister Fillon liefert eine Rede w\u00e4hrend der World Water Forum in Marseille, Frankreich, am 12. M\u00e4rz. WireImage \/<\/p>\n","protected":false},"excerpt":{"rendered":"<p>Paris, 17 mar (EFE).-the World Water Forum closed today in Marseille its sixth edition in order to convince world leaders to address the issue of water as &#8220;a global problem&#8221; that must be resolved &#8220;for the benefit of humanity&#8221;, in the words of its President, Loic Fauchon. &#8220;Live a radical change in the water issue&#8221; [&hellip;]<\/p>\n","protected":false},"author":1,"featured_media":0,"comment_status":"close","ping_status":"open","sticky":false,"template":"","format":"standard","meta":{"footnotes":""},"categories":[3],"tags":[34993],"class_list":["post-23863","post","type-post","status-publish","format-standard","hentry","category-allgemeine","tag-portieren","et-doesnt-have-format-content","et_post_format-et-post-format-standard"],"_links":{"self":[{"href":"https:\/\/www.best-dentist-dentistry.com\/de\/wp-json\/wp\/v2\/posts\/23863","targetHints":{"allow":["GET"]}}],"collection":[{"href":"https:\/\/www.best-dentist-dentistry.com\/de\/wp-json\/wp\/v2\/posts"}],"about":[{"href":"https:\/\/www.best-dentist-dentistry.com\/de\/wp-json\/wp\/v2\/types\/post"}],"author":[{"embeddable":true,"href":"https:\/\/www.best-dentist-dentistry.com\/de\/wp-json\/wp\/v2\/users\/1"}],"replies":[{"embeddable":true,"href":"https:\/\/www.best-dentist-dentistry.com\/de\/wp-json\/wp\/v2\/comments?post=23863"}],"version-history":[{"count":0,"href":"https:\/\/www.best-dentist-dentistry.com\/de\/wp-json\/wp\/v2\/posts\/23863\/revisions"}],"wp:attachment":[{"href":"https:\/\/www.best-dentist-dentistry.com\/de\/wp-json\/wp\/v2\/media?parent=23863"}],"wp:term":[{"taxonomy":"category","embeddable":true,"href":"https:\/\/www.best-dentist-dentistry.com\/de\/wp-json\/wp\/v2\/categories?post=23863"},{"taxonomy":"post_tag","embeddable":true,"href":"https:\/\/www.best-dentist-dentistry.com\/de\/wp-json\/wp\/v2\/tags?post=23863"}],"curies":[{"name":"wp","href":"https:\/\/api.w.org\/{rel}","templated":true}]}}