{"id":23868,"date":"2012-11-09T02:28:01","date_gmt":"2012-11-09T02:28:01","guid":{"rendered":null},"modified":"-0001-11-30T00:00:00","modified_gmt":"-0001-11-30T00:00:00","slug":"the-uruguayan-government-shows-appalled-by-the-case-of-the-nurses-murderers","status":"publish","type":"post","link":"https:\/\/www.best-dentist-dentistry.com\/de\/the-uruguayan-government-shows-appalled-by-the-case-of-the-nurses-murderers\/23868","title":{"rendered":"Die uruguayische Regierung zeigt der Fall von den Krankenschwestern M\u00f6rder &#8220;entsetzt&#8221;"},"content":{"rendered":"<p class=\"first\"> <span class=\"yshortcuts\" id=\"lw_1332128300_0\"> Montevideo<\/span>, 18 M\u00e4r (<span class=\"yshortcuts\" id=\"lw_1332128300_1\"> EFE<\/span>).-die <span class=\"yshortcuts\" id=\"lw_1332128300_2\"> Regierung von Uruguay<\/span>, heute zeigte sein Bedauern und <span class=\"yshortcuts\" id=\"lw_1332128300_3\"> \u00dcberraschung<\/span> durch <span class=\"yshortcuts\" id=\"lw_1332128300_4\"> den Tod<\/span> von sechzehn Patienten auf Intensivstationen von zwei Krankenh\u00e4usern in Montevideo in den <span class=\"yshortcuts\" id=\"lw_1332128300_5\"> H\u00e4nden<\/span> von zwei <span class=\"yshortcuts\" id=\"lw_1332128300_6\"> Krankenschwestern<\/span>, die behauptet, &#8220;von der Gnade&#8221; in Richtung ihrer <span class=\"yshortcuts\" id=\"lw_1332128300_8\"> Opfer<\/span> <span class=\"yshortcuts\" id=\"lw_1332128300_7\"> Verbrechen<\/span> begangen.<\/p>\n<p>auf einer gemeinsamen Pressekonferenz El Ministro del Interior, Eduardo Bonomi, y el de Salud, Jorge Venegas, Expresaron la Postura del Ejecutivo Despu\u00e9s de Que el Juez Que Lleva el Caso, Rolando Vomero, Anunciara el Procesamiento de Los Dos Enfermeros Por Homicidio Especialmente Agravado y Una Colega Por Complicidad<\/p>\n<p>Bonomi Calific\u00f3 el Suceso de &#8220;Muy doloroso&#8221; Mientras Venegas Transmit\u00eda Su &#8220;Consternaci\u00f3n&#8221; Por lo Sucedido.<\/p>\n<p>Seg\u00fan Bonomi la Investigaci\u00f3n Comenz\u00f3 a Partir &#8220;de Una Denuncia An\u00f3nima&#8221; Que &#8220;Proven\u00eda del Propio Ambiente de Salud&#8221;, Realizada el 2 de Enero.<\/p>\n<p>El Ministro del Interior Explic\u00f3 Que &#8220;no Se Puede Precisar el Tiempo de Que&#8221; Los Enfermeros Estaban &#8220;Actuando de Esta Manera&#8221; y Aclar\u00f3 Que &#8220;kein Se Trata de Hechos Que Hayan Sido Claramente Coordinados&#8221;.<\/p>\n<p>&#8220;No Ten\u00edan Conocimiento Entre S\u00ed las Personas, Luego Cada cual hac\u00c3\u00ada lo Que hac\u00c3\u00ada Por Su Lado&#8221;, Dijo.<\/p>\n<p>Puntualiz\u00f3 Que Despu\u00e9s &#8220;Nein es Claro Que Actuaran de Conjunto, S\u00ed Que Pudieron saber lo Que Hac\u00edan&#8221;.<\/p>\n<p>Lo, erkl\u00e4rte er, dass nicht alle get\u00f6teten Patienten terminal Patienten waren.<\/p>\n<p>Venegas inzwischen gebeten, die Unterscheidung zwischen &#8220;Kunstfehler&#8221; und &#8220;Kriminalit\u00e4t&#8221;, und berichtete, dass das Gesundheitsministerium hat ein internes \u00dcberwachungssystem, um sicherzustellen, dass die Patienten richtig behandelt werden, genehmigt durch die Organisation-Welt der Gesundheit.,<\/p>\n<p>Krankenschwestern beschuldigt 49 und 36 Jahre alt, und mit einer langen Karriere, begangenen Verbrechen in der kardiologischen Klinik Maciel, Zustand, und in der gemeinsamen Hauptstadt Private. die erste Asociaci\u00f3n Espa\u00f1ola de Socorros Mutuos, Intensivstation<\/p>\n<p>als Richter Vomero, verhaftet die beiden Schwestern an diesem Wochenende gab in seiner Erkl\u00e4rung &#8220;, die hatten viele Menschen Medikamente geliefert, so dass sie sterben&#8221;.<\/p>\n<p>w\u00e4hrend the day of interrogation, which lasted for eleven hours, police sources warned that the number of victims could reach sixty, while other versions came to point to two hundreds.<\/p>\n<p>one of nurses &rsquo;applied morphine&#8221;to victims and other&#8221;air through a central&#8221;what&#8221;it caused death in a few minutes,&#8221;explained Vomero.<\/p>\n<p>Santiago Clavijo, lawyer of the 36-year-old and also rendered women nurse, both workers of the first Spanish Association of mutual aid, and In\u00e9s Massiotti, an advocate of the nurse in 49 years who worked at the Maciel Hospital, said that their clients committed the crimes&#8221;by moving from mercy&#8221;.<\/p>\n<p>Bonomi explained that the case is&#8221; not simple&#8221;and that&#8221;an investigation that lasts long expected&#8221;.<\/p>\n<p>admitted that you don&rsquo;t already have the names of the victims and explained that it expects to meet them when you receive the minutes of the judge Molero.<\/p>\n<p> &lt; p&gt; Sobald Sie in ihrem Besitz haben, wird es sein, in Kontakt mit Familienmitgliedern, etwas, was, in den n\u00e4chsten paar Wochen passieren k\u00f6nnte.<\/p>\n<p>Anh\u00f6rung \u00fcber m\u00f6gliche Beschwerden gegen die Gesundheitsbeh\u00f6rden, Venegas sagte, dass sein Ministerium an &#8220;Ger\u00e4t anlegen arbeitet&#8221;, die Fragen und die Antworten auf die Verwandten gegeben werden &rsquo;Kanal&rsquo;.<\/p>\n","protected":false},"excerpt":{"rendered":"<p>Montevideo, 18 M\u00e4r ( EFE).-die Regierung von Uruguay, heute zeigte sein Bedauern und \u00dcberraschung durch den Tod von sechzehn Patienten auf Intensivstationen von zwei Krankenh\u00e4usern in Montevideo in den H\u00e4nden von zwei Krankenschwestern, die behauptet, &#8220;von der Gnade&#8221; in Richtung ihrer Opfer Verbrechen begangen. auf einer gemeinsamen Pressekonferenz El Ministro del Interior, Eduardo Bonomi, y [&hellip;]<\/p>\n","protected":false},"author":1,"featured_media":0,"comment_status":"close","ping_status":"open","sticky":false,"template":"","format":"standard","meta":{"footnotes":""},"categories":[3],"tags":[34993],"class_list":["post-23868","post","type-post","status-publish","format-standard","hentry","category-allgemeine","tag-portieren","et-doesnt-have-format-content","et_post_format-et-post-format-standard"],"_links":{"self":[{"href":"https:\/\/www.best-dentist-dentistry.com\/de\/wp-json\/wp\/v2\/posts\/23868","targetHints":{"allow":["GET"]}}],"collection":[{"href":"https:\/\/www.best-dentist-dentistry.com\/de\/wp-json\/wp\/v2\/posts"}],"about":[{"href":"https:\/\/www.best-dentist-dentistry.com\/de\/wp-json\/wp\/v2\/types\/post"}],"author":[{"embeddable":true,"href":"https:\/\/www.best-dentist-dentistry.com\/de\/wp-json\/wp\/v2\/users\/1"}],"replies":[{"embeddable":true,"href":"https:\/\/www.best-dentist-dentistry.com\/de\/wp-json\/wp\/v2\/comments?post=23868"}],"version-history":[{"count":0,"href":"https:\/\/www.best-dentist-dentistry.com\/de\/wp-json\/wp\/v2\/posts\/23868\/revisions"}],"wp:attachment":[{"href":"https:\/\/www.best-dentist-dentistry.com\/de\/wp-json\/wp\/v2\/media?parent=23868"}],"wp:term":[{"taxonomy":"category","embeddable":true,"href":"https:\/\/www.best-dentist-dentistry.com\/de\/wp-json\/wp\/v2\/categories?post=23868"},{"taxonomy":"post_tag","embeddable":true,"href":"https:\/\/www.best-dentist-dentistry.com\/de\/wp-json\/wp\/v2\/tags?post=23868"}],"curies":[{"name":"wp","href":"https:\/\/api.w.org\/{rel}","templated":true}]}}