{"id":2389,"date":"2011-11-16T18:02:13","date_gmt":"2011-11-16T18:02:13","guid":{"rendered":null},"modified":"-0001-11-30T00:00:00","modified_gmt":"-0001-11-30T00:00:00","slug":"diagnosis-and-treatment-early-key-to-preserve-the-quality-of-life-of-patients-with-autoimmune-diseases","status":"publish","type":"post","link":"https:\/\/www.best-dentist-dentistry.com\/de\/diagnosis-and-treatment-early-key-to-preserve-the-quality-of-life-of-patients-with-autoimmune-diseases\/2389","title":{"rendered":"Diagnose und Behandlung fr\u00fch, Schl\u00fcssel zur Verbesserung der Lebensqualit\u00e4t von Patienten mit Autoimmunkrankheiten zu bewahren."},"content":{"rendered":"<p><strong>Diagnose und Behandlung fr\u00fch, der Schl\u00fcssel zur Verbesserung der Lebensqualit\u00e4t von Patienten mit Erkrankungen autoimmune erhalten. <br \/><font size=\"2\"> <br \/>Der Verband der Autoimmunerkrankungen und L\u00fapicos von Sevilla, ALUS, organisiert die V Jornadas auf diese Krankheiten, wo die andalusischen Jugend Protagonisten wurden.<\/strong><font size=\"2\"> <\/p>\n<p>&#8211;Behandlung dieser Krankheiten gerichtet sein muss den maximalen Grad der Verbesserung und basierend auf Entscheidungen zu erreichen zwischen Arzt und Patient vereinbart <\/p>\n<p>-Tag besonderes Augenmerk auf die Pflege der Haut und Articulare Manifestationen und bakteriellen (speziell der inneren Organe) bei der Bek\u00e4mpfung dieser Krankheiten <\/p>\n<p> <strong>SevillaNovember 2011 &#8211;<\/strong> bei Autoimmunerkrankungen, die Diagnose und Behandlung sind fr\u00fche Schl\u00fcssel weiterhin die Funktionsf\u00e4higkeit der Patienten das Fortschreiten der Krankheit zu verz\u00f6gern und wiederum ihre Lebensqualit\u00e4t zu verbessern. Sehen Sie in diesem Sinne, dass ein Arzt mit dem Auftreten der ersten Symptome-Taste, um die k\u00fcnftige Lebensqualit\u00e4t des Patienten. Dies wird eines der wichtigsten Themen, die diskutiert wurden in der V-Jornadas Autoimmunkrankheiten, organisiert von ALUS, die am 11. und 12. November in Sevilla stattfand. <\/p>\n<p>Eine autoimmune-Krankheit ist, dass chronische St\u00f6rung verursacht durch das Immunsystem, das erzeugt eine Immunantwort gegen Stoffe und Gewebe im K\u00f6rper selbst, zu Unrecht, der eine Bedrohung h\u00e4lt \u00fcbertrieben. <\/p>\n<p>W\u00e4hrend des Tages anerkannt durch das Ministerium f\u00fcr Gesundheit der Junta de Andaluc\u00eda von Interesse Cient\u00edfico-Sanitario ist besondere Aufmerksamkeit, die jungen Patienten andalusischen, die sie Sitzungen vom 12. November gewidmet. Au\u00dferdem betont die Rolle des Patienten in den Ansatz von diesen Krankheiten sowie die Bedeutung der Pflege f\u00fcr die Haut und verhindern, dass sich diese Krankheiten bakteriellen Manifestationen. <\/p>\n<p>F\u00fcr Dr. Julio S\u00e1nchez Rom\u00e1n, Einheit Kollagenose von der Hospital Universitario Virgen del Roc\u00edo in Sevilla und Vorsitzender des wissenschaftlichen Ausschusses ALUS,  in den Ansatz von Autoimmunkrankheiten, ein Patient informiert und motiviert ist wichtig, erreichen die therapeutische Bond, ein wichtiger Faktor bei der Kontrolle der Krankheit und verbessern die F\u00e4higkeit des Patienten funktionelle, das wirkt sich positiv auf ihre Lebensqualit\u00e4t &#8221;. <\/p>\n<p>Derzeit die Rolle des Patienten hat sich entwickelt und immer spielt eine wichtige Rolle beim Umgang mit dieser Art der Pathologie.  Derzeit, die Rolle des Patienten sollte nicht beschr\u00e4nkt bleiben, die Krankheit zu verstehen, m\u00fcssen sie zur Teilnahme an Behandlungsziele zu setzen und verpflichten zur \u00dcbereinstimmung mit dem gleichen &#8221;, f\u00fcgt Dr. S\u00e1nchez Rom\u00e1n. <\/p>\n<p>L <strong>ich andalusischen Jugend, Protagonisten der Konferenz<\/strong> <\/p>\n<p> dieser f\u00fcnften Konferenz gewidmet besondere Aufmerksamkeit auf die Probleme der jungen Menschen von Autoimmunkrankheiten betroffen. F\u00fcr Paqui Bonillo, Pr\u00e4sident von ALUS  autoimmune-Erkrankungen haben einen gro\u00dfen Einfluss auf die Sozial- und Arbeitsmarktpolitik Umwelt des Patienten, vor allem bei jungen Menschen. Aus diesem Grund von ALUS, heutzutage, ihnen zu helfen mit der Krankheit fertig zu werden und bieten viele Informationen in den H\u00e4nden der f\u00fchrenden Spezialisten in diese Pathologien verbringen wollen &#8221;. <\/p>\n<p>Die Konferenz, die die Beteiligung von etwa die H\u00e4lfte der Spezialisten, geschlossen mit einer Podiumsdiskussion mit sozialem Charakter, die gez\u00e4hlt mit der Anwesenheit von verschiedenen Patienten mit Autoimmun-Prozesse, die zusammen ihre Erfahrungen im Umgang mit seiner Diagnose und Pathologie. <\/p>\n<p>  F\u00fcr Jugendliche, Diagnose von Krankheiten kann generieren sie Angst und Unsicherheit, die die Auswirkungen selbst erh\u00f6ht, nur weil er eine Diagnose dieses Typs ist. Aus diesem Grund ALUS glauben, dass die Informationen \u00fcber Pathologie als die macht so wichtig f\u00fcr diese Veranstaltungen bieten den Patienten die M\u00f6glichkeit zur Interaktion mit Menschen, die die Erfahrung ist des durch die gleiche Situation gegangen, &#8221;, f\u00fcgt Paqui Bonillo. <\/p>\n<p><strong>\u00dcber ALUS<\/strong> <\/p>\n<p>ALUS, Verband der Autoimmun- und L\u00fapicos von Sevilla, ist ein andalusischen Verein der Provinzebene Sitz in Sevilla, die Verbesserung der Lebensqualit\u00e4t von Patienten mit Autoimmunkrankheiten und Forschung zu diesen Krankheiten verpflichtet. <\/p>\n<p>Im September 1994, ermutigt durch die \u00c4rzte \u00fcber die Einheit des Kollagenose HHUU Virgen del Roc\u00edo, eine Gruppe von Patienten, Familien und Unterst\u00fctzer beschlossen die Association L\u00fapicos von S\u00fcden (ALUS) gefunden. Im Jahr 2003 haben wir unsere Aufmerksamkeit auf Patienten mit anderen Autoimmunerkrankungen erweitert. Mit die gleiche Abk\u00fcrzung Element umbenannt Verband der Autoimmun- und L\u00fapicos von Sevilla. <\/p>\n<p>Unsere Arbeit basiert auf der Leitung f\u00fcr Patienten und Familien, die ihnen helfen, mit vielen und vielf\u00e4ltigen Probleme im Zusammenhang mit solchen Krankheiten, Durchf\u00fchrung von Treffen mit Experten und Spezialisten in den Bereichen (\u00c4rzte, Psychologen, ATS, Sozialarbeiter, etc.) zu leben. <\/p>\n<p>Es hat seinen Sitz in Kapuziner 2 Runde, lokalen 16 E2. Seville 41003. Telefon: 954531155-638519693. <\/p>\n<p><\/font><\/font><\/p>\n","protected":false},"excerpt":{"rendered":"<p>Diagnose und Behandlung fr\u00fch, der Schl\u00fcssel zur Verbesserung der Lebensqualit\u00e4t von Patienten mit Erkrankungen autoimmune erhalten. Der Verband der Autoimmunerkrankungen und L\u00fapicos von Sevilla, ALUS, organisiert die V Jornadas auf diese Krankheiten, wo die andalusischen Jugend Protagonisten wurden. &#8211;Behandlung dieser Krankheiten gerichtet sein muss den maximalen Grad der Verbesserung und basierend auf Entscheidungen zu erreichen [&hellip;]<\/p>\n","protected":false},"author":1,"featured_media":0,"comment_status":"close","ping_status":"open","sticky":false,"template":"","format":"standard","meta":{"footnotes":""},"categories":[3],"tags":[8806,8812,8809,8807,8808,8810,8811,8813],"class_list":["post-2389","post","type-post","status-publish","format-standard","hentry","category-allgemeine","tag-barcelona","tag-alus","tag-autoimmune","tag-autoimmunkrankheiten","tag-bewahren","tag-erhalten","tag-lpicos","tag-wurden","et-doesnt-have-format-content","et_post_format-et-post-format-standard"],"_links":{"self":[{"href":"https:\/\/www.best-dentist-dentistry.com\/de\/wp-json\/wp\/v2\/posts\/2389","targetHints":{"allow":["GET"]}}],"collection":[{"href":"https:\/\/www.best-dentist-dentistry.com\/de\/wp-json\/wp\/v2\/posts"}],"about":[{"href":"https:\/\/www.best-dentist-dentistry.com\/de\/wp-json\/wp\/v2\/types\/post"}],"author":[{"embeddable":true,"href":"https:\/\/www.best-dentist-dentistry.com\/de\/wp-json\/wp\/v2\/users\/1"}],"replies":[{"embeddable":true,"href":"https:\/\/www.best-dentist-dentistry.com\/de\/wp-json\/wp\/v2\/comments?post=2389"}],"version-history":[{"count":0,"href":"https:\/\/www.best-dentist-dentistry.com\/de\/wp-json\/wp\/v2\/posts\/2389\/revisions"}],"wp:attachment":[{"href":"https:\/\/www.best-dentist-dentistry.com\/de\/wp-json\/wp\/v2\/media?parent=2389"}],"wp:term":[{"taxonomy":"category","embeddable":true,"href":"https:\/\/www.best-dentist-dentistry.com\/de\/wp-json\/wp\/v2\/categories?post=2389"},{"taxonomy":"post_tag","embeddable":true,"href":"https:\/\/www.best-dentist-dentistry.com\/de\/wp-json\/wp\/v2\/tags?post=2389"}],"curies":[{"name":"wp","href":"https:\/\/api.w.org\/{rel}","templated":true}]}}