{"id":2390,"date":"2011-11-16T18:02:19","date_gmt":"2011-11-16T18:02:19","guid":{"rendered":null},"modified":"-0001-11-30T00:00:00","modified_gmt":"-0001-11-30T00:00:00","slug":"sadeca-closed-last-friday-its-16th-congress-in-huelva","status":"publish","type":"post","link":"https:\/\/www.best-dentist-dentistry.com\/de\/sadeca-closed-last-friday-its-16th-congress-in-huelva\/2390","title":{"rendered":"Sadeca geschlossen am vergangenen Freitag der 16. Parteitag in Huelva."},"content":{"rendered":"<p><strong><font   size=\"2\"> Sadeca geschlossen am vergangenen Freitag in Huelva in its 16th Kongress. <\/p>\n<p>Ein Plenum Panel &#8220;Security Clinic&#8221; geschlossen letzten Tag. <br \/><\/font><font   size=\"2\"> <br \/><\/font><\/strong> <br \/><font size=\"2\"> <strong>Huelva, November 2011 &#8211;<\/strong> Plenum Bureau &#8220;Security Klinik&#8221; geschlossen um 12.30 Uhr letzten Freitag 16th Kongress als die andalusischen Gesellschaft Qualit\u00e4t Healthcare (Sadeca) hat in diesen Tagen im Casa Col\u00f3n in Huelva gefeiert. Diese Tabelle wurde moderiert von Vicente Santana Lopez, Direktor des Observatoriums f\u00fcr die Patientensicherheit bei der Agentur von sanit\u00e4ren Qualit\u00e4t von Andalusien, und beteiligte sich an der gleichen Rem\u00f3n Aibar Carlos, der Abteilung f\u00fcr Mikrobiologie und \u00f6ffentliche Gesundheit, Universit\u00e4t Zaragoza Pr\u00e4ventivmedizin; Gonzalo Su\u00e1rez Deutsch, Direktor der Strategie der Patientensicherheit im Rat Gesundheitsminister der Regierung Andalusien; und Jos\u00e9 de R\u00edo Mata, der das Fakult\u00e4tskrankenhaus Virgen De La Victoria in M\u00e1laga. Die schlie\u00dfend Zeremonie fand statt um 1330 Uhr. <\/p>\n<p><\/font><\/p>\n","protected":false},"excerpt":{"rendered":"<p>Sadeca geschlossen am vergangenen Freitag in Huelva in its 16th Kongress. Ein Plenum Panel &#8220;Security Clinic&#8221; geschlossen letzten Tag. Huelva, November 2011 &#8211; Plenum Bureau &#8220;Security Klinik&#8221; geschlossen um 12.30 Uhr letzten Freitag 16th Kongress als die andalusischen Gesellschaft Qualit\u00e4t Healthcare (Sadeca) hat in diesen Tagen im Casa Col\u00f3n in Huelva gefeiert. Diese Tabelle wurde [&hellip;]<\/p>\n","protected":false},"author":1,"featured_media":0,"comment_status":"close","ping_status":"open","sticky":false,"template":"","format":"standard","meta":{"footnotes":""},"categories":[3],"tags":[8820,8822,8815,8818,8817,8819,8821,8824,8816,8823,8814,8825],"class_list":{"0":"post-2390","1":"post","2":"type-post","3":"status-publish","4":"format-standard","5":"hentry","6":"category-allgemeine","7":"tag-16th","8":"tag-brein","9":"tag-geschlossen","10":"tag-huelva","12":"tag-its","13":"tag-kongress","14":"tag-panel","15":"tag-parteitag","16":"tag-plenum","17":"tag-sadeca","18":"tag-security","19":"et-doesnt-have-format-content","20":"et_post_format-et-post-format-standard"},"_links":{"self":[{"href":"https:\/\/www.best-dentist-dentistry.com\/de\/wp-json\/wp\/v2\/posts\/2390","targetHints":{"allow":["GET"]}}],"collection":[{"href":"https:\/\/www.best-dentist-dentistry.com\/de\/wp-json\/wp\/v2\/posts"}],"about":[{"href":"https:\/\/www.best-dentist-dentistry.com\/de\/wp-json\/wp\/v2\/types\/post"}],"author":[{"embeddable":true,"href":"https:\/\/www.best-dentist-dentistry.com\/de\/wp-json\/wp\/v2\/users\/1"}],"replies":[{"embeddable":true,"href":"https:\/\/www.best-dentist-dentistry.com\/de\/wp-json\/wp\/v2\/comments?post=2390"}],"version-history":[{"count":0,"href":"https:\/\/www.best-dentist-dentistry.com\/de\/wp-json\/wp\/v2\/posts\/2390\/revisions"}],"wp:attachment":[{"href":"https:\/\/www.best-dentist-dentistry.com\/de\/wp-json\/wp\/v2\/media?parent=2390"}],"wp:term":[{"taxonomy":"category","embeddable":true,"href":"https:\/\/www.best-dentist-dentistry.com\/de\/wp-json\/wp\/v2\/categories?post=2390"},{"taxonomy":"post_tag","embeddable":true,"href":"https:\/\/www.best-dentist-dentistry.com\/de\/wp-json\/wp\/v2\/tags?post=2390"}],"curies":[{"name":"wp","href":"https:\/\/api.w.org\/{rel}","templated":true}]}}