{"id":2393,"date":"2011-11-17T10:00:34","date_gmt":"2011-11-17T10:00:34","guid":{"rendered":null},"modified":"-0001-11-30T00:00:00","modified_gmt":"-0001-11-30T00:00:00","slug":"alava-mayor-on-hunger-strike-calls-health-care-agreement-with-la-rioja","status":"publish","type":"post","link":"https:\/\/www.best-dentist-dentistry.com\/de\/alava-mayor-on-hunger-strike-calls-health-care-agreement-with-la-rioja\/2393","title":{"rendered":"Alava B\u00fcrgermeister im Hungerstreik Ruft Gesundheitsversorgung Vereinbarung mit La Rioja"},"content":{"rendered":"<p>Logro\u00f1o, 17 nov (EFE).-der B\u00fcrgermeister von Oy\u00f3n (Baskenland), Rub\u00e9n Garrido (PP), im Hungerstreik seit gestern zu Gesundheitsversorgung f\u00fcr die B\u00fcrger von La Rioja Alavesa, behaupten heute forderte der baskischen Fakult\u00e4t Gesundheit um in Kontakt mit der Regierung von La Rioja l\u00f6sen das Problem.<\/p>\n<p>Garrido verbrachte seine ersten Nacht lagerten au\u00dferhalb der Sitz der Regierung von La Rioja in Logro\u00f1o, Baskisch und La Rioja, eine L\u00f6sung des Konflikts der medizinischen Versorgung zu verhandeln zu verlangen, die betreffen einige 8.000 Alava B\u00fcrger, wie es gesagt wurde.<\/p>\n<p>Der B\u00fcrgermeister von Oy\u00f3n, die hat daf\u00fcr gesorgt, dass er Fr\u00fchst\u00fcck isotonische und es nicht kalt gegangen, aber die Temperaturen sind heute Abend in Logro\u00f1o auf sieben Grad gesunken, erkl\u00e4rte EFE, die auch mit Deputy General Alava, Javier Andr\u00e9s diskutiert, so sind Sie interessiert das Problem.<\/p>\n<p>Garrido hat darauf hingewiesen, dass es dringend ist, verantwortlich f\u00fcr die Abteilung von Gesundheit der baskischen Regierung in Kontakt mit ihren Kollegen in der Hauptachse. erhalten<\/p>\n<p>Die erste Autorit\u00e4t der Oy\u00f3n erinnerte daran, dass Patxi L\u00f3pez Regierung der Garant f\u00fcr die Gesundheit aller Basken ist und daher aufgefordert, &#8220;ihre Bem\u00fchungen um eine L\u00f6sung zu finden&#8221; verdoppeln.<\/p>\n<p>Garrido hat ergeben, dass Sie f\u00fcr diese Verhandlungen &#8220;wurde und es gibt Vorschl\u00e4ge auf dem Tisch&#8221; und stellt sicher, dass Sie sie kennen und verstehen &#8220;sind wichtig f\u00fcr die Regierung von La Rioja&#8221;.<\/p>\n<p>Der Alava B\u00fcrgermeister, der PP als Pr\u00e4sident der Rioja, Pedro Sanz, hat berechnet, die aus Executive f\u00fchrten zu die Einwohner von La Rioja Alavesa &#8220;diese Situation Hilflosigkeit&#8221; in Bezug auf Gesundheitsf\u00fcrsorge.<\/p>\n<p>&#8220;Warum wir hier sind, weil uns schon als Waffe in einer Situation, die noch nie gegeben zu haben&#8221;, aber es musste durch regionale kanalisiert werden hinzugef\u00fcgt, B\u00fcros der Gesundheit als &#8220;Stop, die vorhanden sind&#8221;, Garrido.<\/p>\n<p>Und glaubt, dass die Institutionen &#8220;gegen\u00fcber&#8221; von was soll tun, aus seiner Sicht ist get in Touch zu arbeiten und Wiederherstellung der Situation.<\/p>\n","protected":false},"excerpt":{"rendered":"<p>Logro\u00f1o, 17 nov (EFE).-der B\u00fcrgermeister von Oy\u00f3n (Baskenland), Rub\u00e9n Garrido (PP), im Hungerstreik seit gestern zu Gesundheitsversorgung f\u00fcr die B\u00fcrger von La Rioja Alavesa, behaupten heute forderte der baskischen Fakult\u00e4t Gesundheit um in Kontakt mit der Regierung von La Rioja l\u00f6sen das Problem. Garrido verbrachte seine ersten Nacht lagerten au\u00dferhalb der Sitz der Regierung von [&hellip;]<\/p>\n","protected":false},"author":1,"featured_media":0,"comment_status":"close","ping_status":"open","sticky":false,"template":"","format":"standard","meta":{"footnotes":""},"categories":[3],"tags":[8829,8830],"class_list":["post-2393","post","type-post","status-publish","format-standard","hentry","category-allgemeine","tag-alava","tag-hungerstreik","et-doesnt-have-format-content","et_post_format-et-post-format-standard"],"_links":{"self":[{"href":"https:\/\/www.best-dentist-dentistry.com\/de\/wp-json\/wp\/v2\/posts\/2393","targetHints":{"allow":["GET"]}}],"collection":[{"href":"https:\/\/www.best-dentist-dentistry.com\/de\/wp-json\/wp\/v2\/posts"}],"about":[{"href":"https:\/\/www.best-dentist-dentistry.com\/de\/wp-json\/wp\/v2\/types\/post"}],"author":[{"embeddable":true,"href":"https:\/\/www.best-dentist-dentistry.com\/de\/wp-json\/wp\/v2\/users\/1"}],"replies":[{"embeddable":true,"href":"https:\/\/www.best-dentist-dentistry.com\/de\/wp-json\/wp\/v2\/comments?post=2393"}],"version-history":[{"count":0,"href":"https:\/\/www.best-dentist-dentistry.com\/de\/wp-json\/wp\/v2\/posts\/2393\/revisions"}],"wp:attachment":[{"href":"https:\/\/www.best-dentist-dentistry.com\/de\/wp-json\/wp\/v2\/media?parent=2393"}],"wp:term":[{"taxonomy":"category","embeddable":true,"href":"https:\/\/www.best-dentist-dentistry.com\/de\/wp-json\/wp\/v2\/categories?post=2393"},{"taxonomy":"post_tag","embeddable":true,"href":"https:\/\/www.best-dentist-dentistry.com\/de\/wp-json\/wp\/v2\/tags?post=2393"}],"curies":[{"name":"wp","href":"https:\/\/api.w.org\/{rel}","templated":true}]}}