{"id":23937,"date":"2012-11-09T02:35:32","date_gmt":"2012-11-09T02:35:32","guid":{"rendered":null},"modified":"-0001-11-30T00:00:00","modified_gmt":"-0001-11-30T00:00:00","slug":"the-pope-asks-a-cuba-of-all-and-for-all","status":"publish","type":"post","link":"https:\/\/www.best-dentist-dentistry.com\/de\/the-pope-asks-a-cuba-of-all-and-for-all\/23937","title":{"rendered":"Der Papst bittet ein Kuba &#8220;von allen und f\u00fcr alle&#8221;"},"content":{"rendered":"<p class=\"first\"> <span class=\"yshortcuts\" id=\"lw_1332999309_0\"> Havanna<\/span> (Reuters) &#8211; Papst <span class=\"yshortcuts\" id=\"lw_1332999309_1\"> Benedikt XVI<\/span> dr\u00e4ngte Mittwoch um seinen Abschied aus <span class=\"yshortcuts\" id=\"lw_1332999309_2\"> Kuba<\/span>, dass die Beschr\u00e4nkung der <span class=\"yshortcuts\" id=\"lw_1332999309_3\"> Grundfreiheiten<\/span> in der <span class=\"yshortcuts\" id=\"lw_1332999309_4\"> Insel<\/span> nicht ein Hindernis ist f\u00fcr eine \u00c4nderung der Insel zu erreichen und wieder unterh\u00e4lt, das <span class=\"yshortcuts\" id=\"lw_1332999309_5\"> Embargo<\/span> zu kritisieren, dass <span class=\"yshortcuts\" id=\"lw_1332999309_6\"> USA<\/span> gegen die sozialistische <span class=\"yshortcuts\" id=\"lw_1332999309_7\"> Regierung<\/span> seit seit f\u00fcnf Jahrzehnten.<\/p>\n<p>nach einem dreit\u00e4gigen Besuch in das Land der Karibik, die <span class=\"yshortcuts\" id=\"lw_1332999309_8\"> Sumo<\/span> Pontifex angefordert &#8220;Kuba von allen und f\u00fcr alle&#8221;, die unbeweglichen Positionen um eine gro\u00dfe nationale Auss\u00f6hnung zu einem Zeitpunkt zu erreichen, in dem die Nation seinen gr\u00f6\u00dften Moment der Transformation seit dem Triumph der Revolution 1959 lebt, Verbannung.<\/p>\n<p>&#8220;ist es m\u00f6glich, den Aufbau einer Gesellschaft der Weite Horizonte, erneuert und vers\u00f6hnt. niemand anzeigen k\u00f6nnen nicht beitreten, diese spannende Aufgabe durch ihre grundlegenden Freiheiten einschr\u00e4nken, noch es durch Faulheit oder mangelnde Ressourcen der Art Material befreit&#8221;, dDer Bischof von Rom am Flughafen IJO<\/p>\n<p>Zusatz, der Heilige Vater fordert f\u00fcr ein Ende des Embargos Washington das Land seit 50 Jahren zum Sturz seiner ideologischen Feind, von die schwierige Wirtschaftslage erschwerende und &#8220;wiegen negativ auf die Bev\u00f6lkerung&#8221;.<\/p>\n<p>seit seiner Ankunft in Santiago De Cuba am Montag, der Papst hat gefordert, dass die Raul Castro-Regierung die Hilfe der Kirche auf der Suche nach neue Wege und Modelle erf\u00fcllen &#8220;ohne Trauma&#8221; ben\u00f6tigen Transformationen zu kommen.<\/p>\n<p>der kubanische Vertreter trotz dankte Benedicto XVI zu Besuch, die in einer Atmosph\u00e4re der &#8220;gegenseitigen Verst\u00e4ndnis&#8221; bestanden hat, dass festgestellt &#8220;viele&#8221; und&#8221;Tiefe&#8221; entspricht nicht zustimmen, \u00fcber alle Themen.<\/p>\n<p>&#8220;seine Begegnung mit dem kubanischen Volk hat ihm die M\u00f6glichkeit gegeben, besser zu verstehen und die Richtigkeit unserer Zwecke zu beobachten&#8221;, sagte er, vor die H\u00e4nden des Papstes zu sch\u00fctteln, wenn er das Flugzeug zum Verlassen des Landes unter einer anhaltenden Regen bestieg.<\/p>\n<p>die Reise der katholischen Hierarch gekr\u00f6nt, einen langen Weg zur Verbesserung der Beziehungen der Regierung mit der Kirche, die die wichtigsten Gespr\u00e4chspartner der Beh\u00f6rden zur sensiblen Menschenrechte und Freiheiten Politik. Themen geworden ist, werden<\/p>\n<p>trotz der Referenzen mehr oder weniger verschleierten politischen Gefangenen, Exilanten und der Dringlichkeit der \u00c4nderungen in gr\u00f6\u00dferer Tiefe in der Karibik Nation, der F\u00fchrer der katholischen empfing nicht die Dissidenten auf der Insel, beschuldigt von der Regierung als S\u00f6ldner im Sold der USA.<\/p>\n<p>authentische Freiheit<\/p>\n<p>am Morgen, des Heiligen Vaters amtierte eine mannigfache Masse in der mythischen Plaza De La Revoluci\u00f3n, die forderte, &#8220;wahren Freiheit&#8221; zu finden zur Schaffung einer Gesellschaft mehr \u00f6ffnen.<\/p>\n<p>&#8220;Es gibt andere, die falsch diese Suche nach der Wahrheit interpretiert, der sie nach der Irrationalit\u00e4t und Fanatismus, sperren sich in &#39; Deine Wahrheit &#39; und Versuch, es auf andere zu \u00fcbertragen&#8221;, sagte von der gleichen Kanzel, wo Fidel, gekleidet in Olivgr\u00fcn, Araba seine Landsleute mit beleuchteten revolution\u00e4re reden.<\/p>\n<p>              In einem lila Toga gekleidet, der deutsche Papst tourte die Hauptverkehrsadern des Kapitals an Bord Papamobil, bejubelt von einige 300.000 Kubaner, die vor gesch\u00fctzt wurden die unvers\u00f6hnlich Sonne der Karibik mit Kappen, Visiere von Karton und Sonnenschirmen auf der Suche nach dem Segen von dem Bischof von Rom.<\/p>\n<p>&#8220;der Papst wird den Glauben zur\u00fcck f\u00fcr viele hier in Kuba wirtschaftliche Schwierigkeiten \u00fcberfordern wir beide Tr\u00e4ume sind etwas voreingenommen&#8221;, sagte Jos\u00e9 Correa, zeigt stolz drei Kruzifixe in seiner Brust in einem Land, das offiziell atheistisch und antiklerikalen bis 1992 war.<\/p>\n<p>flankiert von hoch aufragenden Bildnisse der argentinischen Guerilla Ernesto &#8220;Che&#8221; Guevara und Camilo Cienfuegos Rebel, Papst Benedicto XVI bekr\u00e4ftigte die Notwendigkeit, dass die Regierung der Kirche, einschlie\u00dflich der M\u00f6glichkeit, mehr \u00f6ffentliche R\u00e4ume \u00f6ffnend &#8220;bald&#8221; bringt seine Lehre an Schulen und Universit\u00e4ten.<\/p>\n<p>&#8220;Es ist notwendig, zu bewegen (und) was wir bereits erreicht haben und diesen Weg der echten Dienst f\u00fcr das Gemeinwohl der ganzen kubanische Gesellschaft vorw\u00e4rts zu st\u00e4rken&#8221;, sagte Highlights mit &#8220;Freude&#8221; die weitere Festigung der Allianz von Kirche und Staat.<\/p>\n<p>Dienstag, dem Heiligen Vater statt &#8220;herzlich&#8221; Treffen mit Ra\u00fal Castro, vorausgesetzt, die Macht nach dem R\u00fccktritt seines \u00e4lteren Bruders im Jahr 2008 aus Gr\u00fcnden der Gesundheit.<\/p>\n<p>seine Heiligkeit w\u00e4re dies beantragt &#8220;humanit\u00e4ren&#8221; in Castro haben, sagte, dass der Vatikan, was viele als ein Antrag auf Freilassung der politischen Gefangenen oder die US-Auftragnehmer Alan Gross, interpretiert verurteilt zu 15 Jahren durch die Installation von Verbindungen zum Internet als illegale in der Insel.<\/p>\n<p>auch den Urlaub wiederherstellen Karfreitag, in einer Geste, dass Fidel \u00e4hnlich hatte mit dem sp\u00e4ten Juan Pablo II Weihnachten vor seinem historischen Besuch 1998 wieder angefordert.<\/p>\n<p>MARXISTEN und Christen<\/p>\n<p>eines der am meisten erwarteten Momente der Reise war die Begegnung zwischen Papst Benedicto XVI und Fidel Castro, der f\u00fcr eine halbe Stunde in der Apostolischen Nuntiatur von der Hab erf\u00fcllt&#8221;ana.<\/p>\n<p>. the spokesman for the Vatican, Federico Lombardi, said it was a serene and cordial meeting in which they talked about the liturgy of the Church and the problems facing humanity. they even joked about his age and the charismatic rebel asked him what is the work of the Pope.<\/p>\n<p>reception was a boost to consolidate the Alliance key between the Catholic Church and the Government, which promotes a series of reforms to modernize the economy without giving up the socialist ideology expanding entrepreneurship private in areas previously reserved to the State, such as tourism and the hotel industry.<\/p>\n<p>the visit generated different reactions among the population. some believe that the Pope will help put an end to the economic blockade of Washington, others that will boost the political changes and the majority who rekindle the faith after decades of anti-clericalism and proliferation of the Afro-Cuban Santeria.<\/p>\n<p>&#8220;&#8221;Wir wissen, dass Kuba sich \u00e4ndern muss und wir machen sind. aber beim \u00c4ndern der Vereinigten Staaten, mit ihrer Blockade, die ertrinkt uns? hoffentlich Benedict hat nichts zu sagen auch&#8221;, sagte Maritza \u00c1lvarez, einem Arbeitnehmer Zustand von 40 Jahren, die von fr\u00fch auf einen Platz in der ersten Zeile haben gewartet<\/p>\n<p>aber die Erwartungen, dass die Anwesenheit der katholischen Hierarch Schritt zur Er\u00f6ffnung in sensiblen Themen wie Menschenrechte gab und b\u00fcrgerliche Freiheiten wurde von der Exekutive, die wieder einmal klar, das die \u00c4nderungen gemacht voll geschnitten hat keinen Einfluss auf das politische System der einzigen Partei.<\/p>\n<p>&#8220;Es In Kuba werden politische Reformen&#8221;, sagte am Dienstag stumpfen Marino Murillo, einer der Vizepr\u00e4sidenten der kubanischen und Betreuer der wirtschaftlichen Umw\u00e4lzungen.<\/p>\n<p>Reaktion, sagte der Sprecher f\u00fcr seine Heiligkeit,: &#8220;Kirche versucht nicht zu verh\u00e4ngen L\u00f6sungen wissen, dass es ist ein langer Weg und die Geschichte Kubas Komplex ist&#8221;. &lt; \/p &gt; <\/p>\n<p>\/ pro Enrique Andres Pretel und Nelson Acosta \/<\/p>\n","protected":false},"excerpt":{"rendered":"<p>Havanna (Reuters) &#8211; Papst Benedikt XVI dr\u00e4ngte Mittwoch um seinen Abschied aus Kuba, dass die Beschr\u00e4nkung der Grundfreiheiten in der Insel nicht ein Hindernis ist f\u00fcr eine \u00c4nderung der Insel zu erreichen und wieder unterh\u00e4lt, das Embargo zu kritisieren, dass USA gegen die sozialistische Regierung seit seit f\u00fcnf Jahrzehnten. nach einem dreit\u00e4gigen Besuch in das [&hellip;]<\/p>\n","protected":false},"author":1,"featured_media":0,"comment_status":"close","ping_status":"open","sticky":false,"template":"","format":"standard","meta":{"footnotes":""},"categories":[3],"tags":[],"class_list":["post-23937","post","type-post","status-publish","format-standard","hentry","category-allgemeine","et-doesnt-have-format-content","et_post_format-et-post-format-standard"],"_links":{"self":[{"href":"https:\/\/www.best-dentist-dentistry.com\/de\/wp-json\/wp\/v2\/posts\/23937","targetHints":{"allow":["GET"]}}],"collection":[{"href":"https:\/\/www.best-dentist-dentistry.com\/de\/wp-json\/wp\/v2\/posts"}],"about":[{"href":"https:\/\/www.best-dentist-dentistry.com\/de\/wp-json\/wp\/v2\/types\/post"}],"author":[{"embeddable":true,"href":"https:\/\/www.best-dentist-dentistry.com\/de\/wp-json\/wp\/v2\/users\/1"}],"replies":[{"embeddable":true,"href":"https:\/\/www.best-dentist-dentistry.com\/de\/wp-json\/wp\/v2\/comments?post=23937"}],"version-history":[{"count":0,"href":"https:\/\/www.best-dentist-dentistry.com\/de\/wp-json\/wp\/v2\/posts\/23937\/revisions"}],"wp:attachment":[{"href":"https:\/\/www.best-dentist-dentistry.com\/de\/wp-json\/wp\/v2\/media?parent=23937"}],"wp:term":[{"taxonomy":"category","embeddable":true,"href":"https:\/\/www.best-dentist-dentistry.com\/de\/wp-json\/wp\/v2\/categories?post=23937"},{"taxonomy":"post_tag","embeddable":true,"href":"https:\/\/www.best-dentist-dentistry.com\/de\/wp-json\/wp\/v2\/tags?post=23937"}],"curies":[{"name":"wp","href":"https:\/\/api.w.org\/{rel}","templated":true}]}}