{"id":2396,"date":"2011-11-17T10:01:01","date_gmt":"2011-11-17T10:01:01","guid":{"rendered":null},"modified":"-0001-11-30T00:00:00","modified_gmt":"-0001-11-30T00:00:00","slug":"the-mayor-on-hunger-strike-said-he-hoped-over-the-riojan-president","status":"publish","type":"post","link":"https:\/\/www.best-dentist-dentistry.com\/de\/the-mayor-on-hunger-strike-said-he-hoped-over-the-riojan-president\/2396","title":{"rendered":"Der B\u00fcrgermeister im Hungerstreik sagte, er hoffe, \u00fcber Real Pr\u00e4sident"},"content":{"rendered":"<p>Logro\u00f1o, 17 nov (EFE).-der B\u00fcrgermeister Oy\u00f3n (Baskenland), Rub\u00e9n Garrido (PP), sagte heute, dass &#8220;erwartet eher politische und pers\u00f6nliche&#8221; Pr\u00e4sident La Rioja, Pedro Sanz (PP), die der Meinung, die gewesen &#8220;in ihrer Entscheidung nicht zu medizinischer Versorgung mit seinen Nachbarn und dem Rest der Rioja Alavesa. Unrecht hat&#8221;<\/p>\n<p>Ruben Garrido hat diese Erkl\u00e4rungen an der Stelle, wo er blieb auf, Hungerstreik seit gestern, vor dem Geb\u00e4ude, wo der regionalen Pr\u00e4sident sagte, in Pressekonferenz, wollen auf prim\u00e4ren und spezialisierte Versorgung in La Rioja, welcher Wettbewerb jeder Gemeinschaft, &#8220;haben zu Fragen und zu vereinbaren&#8221;, &#8220;In der Zwischenzeit wird es nichts&#8221;.<\/p>\n<p>&#8220;Verst\u00e4rkt seine Position und meine scheint irgendwie eine bedauerliche Position&#8221;, wurde als den B\u00fcrgermeister Journalisten, die haben informiert worden, heute Morgen, die Erkl\u00e4rungen von Pr\u00e4sident aus.<\/p>\n<p>Der B\u00fcrgermeister der PP wollte nicht beantworten die Frage, ob &#8220;bittet f\u00fcr Amparo&#8221;, Mariano Rajoy, Vorsitzender der Partei in dem er und Pedro Sanz sprechen, und er antwortete, dass er erwartet, &#8220;der Vernunft&#8221; und &#8220;Common Sense von allen Parteien dass&#8221;. &#8220;Aber jeden Tag, die diese Strecken sich jemand, err\u00f6ten&#8221; wurde hinzugef\u00fcgt.<\/p>\n<p>Ruben Garrido hat es jetzt will Telefonkontakt &#8211; weiterhin seinen Hungerstreik gegen die Regierung der Rioja &#8211; mit der baskischen Executive zu verschieben &#8220;Registerkarte&#8221; in diesem Konflikt und das Gesundheitsministerium hat aufgefordert, Ma\u00dfnahmen zu ergreifen und zu &#8220;Bell the Cat&#8221;.<\/p>\n<p>Stadtrat der Stadt, die st\u00e4ndig einher seit gestern, er seine Tat des Protestes von Einwohner von ihrer Gemeinde begann meinte hat, dass die Zentralregierung &#8220;starke Schritte&#8221; werden, in dieser Situation gegeben sollte, die wirkt sich auf die Einwohner des nahe gelegenen Alava La Rioja.<\/p>\n<p>Garrido hielt, dass verschiedene Einstellungen in Frage &#8220;Was sind Politiker&#8221;, obwohl er nicht wollen, angeben, die an verwiesen.<\/p>\n<p>Ja f\u00fcgte hinzu, dass man die Frage stellen muss ist, ob die Politiker, die sind &#8220;sollte&#8221;.<\/p>\n","protected":false},"excerpt":{"rendered":"<p>Logro\u00f1o, 17 nov (EFE).-der B\u00fcrgermeister Oy\u00f3n (Baskenland), Rub\u00e9n Garrido (PP), sagte heute, dass &#8220;erwartet eher politische und pers\u00f6nliche&#8221; Pr\u00e4sident La Rioja, Pedro Sanz (PP), die der Meinung, die gewesen &#8220;in ihrer Entscheidung nicht zu medizinischer Versorgung mit seinen Nachbarn und dem Rest der Rioja Alavesa. Unrecht hat&#8221; Ruben Garrido hat diese Erkl\u00e4rungen an der Stelle, [&hellip;]<\/p>\n","protected":false},"author":1,"featured_media":0,"comment_status":"close","ping_status":"open","sticky":false,"template":"","format":"standard","meta":{"footnotes":""},"categories":[3],"tags":[8835,8836,8834],"class_list":["post-2396","post","type-post","status-publish","format-standard","hentry","category-allgemeine","tag-hoffe","tag-real-prsident","tag-sahara","et-doesnt-have-format-content","et_post_format-et-post-format-standard"],"_links":{"self":[{"href":"https:\/\/www.best-dentist-dentistry.com\/de\/wp-json\/wp\/v2\/posts\/2396","targetHints":{"allow":["GET"]}}],"collection":[{"href":"https:\/\/www.best-dentist-dentistry.com\/de\/wp-json\/wp\/v2\/posts"}],"about":[{"href":"https:\/\/www.best-dentist-dentistry.com\/de\/wp-json\/wp\/v2\/types\/post"}],"author":[{"embeddable":true,"href":"https:\/\/www.best-dentist-dentistry.com\/de\/wp-json\/wp\/v2\/users\/1"}],"replies":[{"embeddable":true,"href":"https:\/\/www.best-dentist-dentistry.com\/de\/wp-json\/wp\/v2\/comments?post=2396"}],"version-history":[{"count":0,"href":"https:\/\/www.best-dentist-dentistry.com\/de\/wp-json\/wp\/v2\/posts\/2396\/revisions"}],"wp:attachment":[{"href":"https:\/\/www.best-dentist-dentistry.com\/de\/wp-json\/wp\/v2\/media?parent=2396"}],"wp:term":[{"taxonomy":"category","embeddable":true,"href":"https:\/\/www.best-dentist-dentistry.com\/de\/wp-json\/wp\/v2\/categories?post=2396"},{"taxonomy":"post_tag","embeddable":true,"href":"https:\/\/www.best-dentist-dentistry.com\/de\/wp-json\/wp\/v2\/tags?post=2396"}],"curies":[{"name":"wp","href":"https:\/\/api.w.org\/{rel}","templated":true}]}}