{"id":24061,"date":"2012-11-09T03:35:12","date_gmt":"2012-11-09T03:35:12","guid":{"rendered":null},"modified":"-0001-11-30T00:00:00","modified_gmt":"-0001-11-30T00:00:00","slug":"angel-fernandez-chief-executive-officer-of-msd-spain","status":"publish","type":"post","link":"https:\/\/www.best-dentist-dentistry.com\/de\/angel-fernandez-chief-executive-officer-of-msd-spain\/24061","title":{"rendered":"\u00c1ngel Fern\u00e1ndez, Chief Executive Officer von MSD Spanien"},"content":{"rendered":"<p class=\"first\"> MADRID, 31 (EUROPA PRESS)<\/p>\n<p>Angel Fernandez Generaldirektor der Firma MSD Spanien, kostenlos ernannt worden ist, der wird von diesem Donnerstag, Ersatz von Antonio s. Mosquera.<\/p>\n<p>Fernandez, wer, in st\u00e4ndigem Kontakt mit den Pr\u00e4sidenten von MSD Europa-Canada, Bruno Strigini sein wird, arbeitete f\u00fcr mehr als drei\u00dfig Jahren in der Branche Apotheker. in die letzten drei Jahren hat besetzt F\u00fchrungspositionen in MSD Am\u00e9rica Latina, verantwortlich f\u00fcr den Bereich der menschlichen Gesundheit.<\/p>\n<p>vor seiner Abreise nach Lateinamerika, war Vice President und General Manager von Schering-Plough in Spanien, f\u00fchrt Projekte wie die Integration dieses Unternehmens mit Organon.<\/p>\n<p>dar\u00fcber hinaus Mosquera beendet seine Karriere nach 12 Jahren als general Manager in Spanien und 36 Jahre mit der Firma. 1976 Wurde es ein Teil von MSD in Spanien als Manager der Gesch\u00e4ftsprozesse und Systeme. 1995 Wurde er zum Generaldirektor von Argentinien, Paraguay und Uruguay ernannt. Sp\u00e4ter, im Jahr 2001 nach Spanien an der Spitze der Tochtergesellschaft als Director General bislang zur\u00fcck.<\/p>\n","protected":false},"excerpt":{"rendered":"<p>MADRID, 31 (EUROPA PRESS) Angel Fernandez Generaldirektor der Firma MSD Spanien, kostenlos ernannt worden ist, der wird von diesem Donnerstag, Ersatz von Antonio s. Mosquera. Fernandez, wer, in st\u00e4ndigem Kontakt mit den Pr\u00e4sidenten von MSD Europa-Canada, Bruno Strigini sein wird, arbeitete f\u00fcr mehr als drei\u00dfig Jahren in der Branche Apotheker. in die letzten drei Jahren [&hellip;]<\/p>\n","protected":false},"author":1,"featured_media":0,"comment_status":"close","ping_status":"open","sticky":false,"template":"","format":"standard","meta":{"footnotes":""},"categories":[3],"tags":[35113,35114,35115],"class_list":["post-24061","post","type-post","status-publish","format-standard","hentry","category-allgemeine","tag-berqueren","tag-chief","tag-msd-spanien","et-doesnt-have-format-content","et_post_format-et-post-format-standard"],"_links":{"self":[{"href":"https:\/\/www.best-dentist-dentistry.com\/de\/wp-json\/wp\/v2\/posts\/24061","targetHints":{"allow":["GET"]}}],"collection":[{"href":"https:\/\/www.best-dentist-dentistry.com\/de\/wp-json\/wp\/v2\/posts"}],"about":[{"href":"https:\/\/www.best-dentist-dentistry.com\/de\/wp-json\/wp\/v2\/types\/post"}],"author":[{"embeddable":true,"href":"https:\/\/www.best-dentist-dentistry.com\/de\/wp-json\/wp\/v2\/users\/1"}],"replies":[{"embeddable":true,"href":"https:\/\/www.best-dentist-dentistry.com\/de\/wp-json\/wp\/v2\/comments?post=24061"}],"version-history":[{"count":0,"href":"https:\/\/www.best-dentist-dentistry.com\/de\/wp-json\/wp\/v2\/posts\/24061\/revisions"}],"wp:attachment":[{"href":"https:\/\/www.best-dentist-dentistry.com\/de\/wp-json\/wp\/v2\/media?parent=24061"}],"wp:term":[{"taxonomy":"category","embeddable":true,"href":"https:\/\/www.best-dentist-dentistry.com\/de\/wp-json\/wp\/v2\/categories?post=24061"},{"taxonomy":"post_tag","embeddable":true,"href":"https:\/\/www.best-dentist-dentistry.com\/de\/wp-json\/wp\/v2\/tags?post=24061"}],"curies":[{"name":"wp","href":"https:\/\/api.w.org\/{rel}","templated":true}]}}