{"id":24063,"date":"2012-11-09T03:35:23","date_gmt":"2012-11-09T03:35:23","guid":{"rendered":null},"modified":"-0001-11-30T00:00:00","modified_gmt":"-0001-11-30T00:00:00","slug":"valencian-pharmacies-a-special-rescue-ask-the-central-government","status":"publish","type":"post","link":"https:\/\/www.best-dentist-dentistry.com\/de\/valencian-pharmacies-a-special-rescue-ask-the-central-government\/24063","title":{"rendered":"Valencia Apotheken Fragen &#8220;eine spezielle Rettung&#8221; der Zentralregierung"},"content":{"rendered":"<p class=\"first\"> Valencia, 31 Okt (EFE).-Las Farmacias De La Comunidad Valenciana Han Pedido Gobierno zentrale &#8220;un Frontorganisation especial&#8221; a Trav\u00e9s del Fondo de Liquidez Auton\u00f3mico (FLA) Para Evitar &#8220;la Quiebra total&#8221; de las Oficinas y Que Se Pueda Llegar a Werkzeug &#8220;un Problema de Salud P\u00fablica&#8221;.<\/p>\n<p>Las Farmacias Acumulan Una Deuda de 450 Millones de Euro De La Generalitat Correspondientes a Cuatro Meses y Medio, Una Situaci\u00f3n Que Les ha Llevado &#8220;a la Ruina al L\u00edmite&#8221; y Que de Noviembre Se Agravar\u00e1 Debido al Vencimiento de P\u00f3lizas.<\/p>\n<p>La Presidenta del Colegio de Farmac\u00e9uticos de Valencia, Mar\u00eda Teresa Guardiola, ha Afirmado de Rueda de Prensa Que la Soluci\u00f3n a Estos Problemas la Ve &#8220;de Madrid&#8221;, Pues el Gobierno Valenciano &#8220;kein Tiene Liquidez&#8221; Para Afrontar Los Pagos.<\/p>\n<p>Las Farmacias Se Sienten de &#8220;Indefensi\u00f3n&#8221; y &#8220;Desatendidas&#8221;, Seg\u00fan Guardiola, Quien ha Insistido de Una Soluci\u00f3n &#8220;radikale y Definitiva&#8221; De La Misma Manera Que Se ha Rescatado a Los Bancos.<\/p>\n<p>Las Apotheken in Alicante, Castell\u00f3n und Valencia startet vom 5. November eine Schlie\u00dfung unbestimmte Protest durch die Generalitat Standardeinstellungen, bis der Gesamtbetrag der Schulden bezahlt, ist<\/p>\n<p>so vereinbart es letzte Nacht ca. 600 Stiftskirche in der Region Valencia, die drei etabliert haben drehende Verschiebungen um iPhoto \u00f6ffnen alle drei Apotheken in den 1.200 bestehenden Montag bis Freitag.<\/p>\n<p>Guardiola, wer hat gesagt, die B\u00fcros dieser Autonomie, zu sprechen hat erkl\u00e4rt, dass es schon in Kontakt mit dem Ministerium der Finanzen, pr\u00e4sentieren die Situation der &#8220;Dringlichkeit&#8221;, Apotheken, hat reagiert, was sie wie er hat darauf hingewiesen, dass die FLA &#8220;sehr flexibel&#8221; ist und dass er it. Studium wird<\/p>\n<p>nach dem College, bezahlt die Generalit\u00c3 \u00a4 t Gestern 118 Millionen Euro, die durchschnittliche Rechnung entspricht April und Mai mit Geld aus der FLA die H\u00e4lfte<\/p>\n","protected":false},"excerpt":{"rendered":"<p>Valencia, 31 Okt (EFE).-Las Farmacias De La Comunidad Valenciana Han Pedido Gobierno zentrale &#8220;un Frontorganisation especial&#8221; a Trav\u00e9s del Fondo de Liquidez Auton\u00f3mico (FLA) Para Evitar &#8220;la Quiebra total&#8221; de las Oficinas y Que Se Pueda Llegar a Werkzeug &#8220;un Problema de Salud P\u00fablica&#8221;. Las Farmacias Acumulan Una Deuda de 450 Millones de Euro De [&hellip;]<\/p>\n","protected":false},"author":1,"featured_media":0,"comment_status":"close","ping_status":"open","sticky":false,"template":"","format":"standard","meta":{"footnotes":""},"categories":[3],"tags":[35117],"class_list":["post-24063","post","type-post","status-publish","format-standard","hentry","category-allgemeine","tag-valencia-apotheken","et-doesnt-have-format-content","et_post_format-et-post-format-standard"],"_links":{"self":[{"href":"https:\/\/www.best-dentist-dentistry.com\/de\/wp-json\/wp\/v2\/posts\/24063","targetHints":{"allow":["GET"]}}],"collection":[{"href":"https:\/\/www.best-dentist-dentistry.com\/de\/wp-json\/wp\/v2\/posts"}],"about":[{"href":"https:\/\/www.best-dentist-dentistry.com\/de\/wp-json\/wp\/v2\/types\/post"}],"author":[{"embeddable":true,"href":"https:\/\/www.best-dentist-dentistry.com\/de\/wp-json\/wp\/v2\/users\/1"}],"replies":[{"embeddable":true,"href":"https:\/\/www.best-dentist-dentistry.com\/de\/wp-json\/wp\/v2\/comments?post=24063"}],"version-history":[{"count":0,"href":"https:\/\/www.best-dentist-dentistry.com\/de\/wp-json\/wp\/v2\/posts\/24063\/revisions"}],"wp:attachment":[{"href":"https:\/\/www.best-dentist-dentistry.com\/de\/wp-json\/wp\/v2\/media?parent=24063"}],"wp:term":[{"taxonomy":"category","embeddable":true,"href":"https:\/\/www.best-dentist-dentistry.com\/de\/wp-json\/wp\/v2\/categories?post=24063"},{"taxonomy":"post_tag","embeddable":true,"href":"https:\/\/www.best-dentist-dentistry.com\/de\/wp-json\/wp\/v2\/tags?post=24063"}],"curies":[{"name":"wp","href":"https:\/\/api.w.org\/{rel}","templated":true}]}}