{"id":24101,"date":"2012-11-09T00:00:00","date_gmt":"2012-11-09T00:00:00","guid":{"rendered":null},"modified":"-0001-11-30T00:00:00","modified_gmt":"-0001-11-30T00:00:00","slug":"interview-with-juan-rumeu-president-of-the-scientific-committee-of-the-international-dental-forum","status":"publish","type":"post","link":"https:\/\/www.best-dentist-dentistry.com\/de\/interview-with-juan-rumeu-president-of-the-scientific-committee-of-the-international-dental-forum\/24101","title":{"rendered":"Wywiad z Juan Rumeu, przewodnicz\u0105cym Komitetu Naukowego Mi\u0119dzynarodowe Forum stomatologiczne."},"content":{"rendered":"<p><strong>Wywiad z Juan Rumeu, przewodnicz\u0105cy Komisji NaukoweFico Forum stomatologiczne int.<\/strong> <\/p>\n<p> <font size=\"2\">-Mi\u0119dzynarodowe Forum stomatologiczne, FDM, kt\u00f3ry odb\u0119dzie si\u0119 od 11 do 13 kwietnia 2013 r. w siedzibie Gran Via Barcelona jest tylko spotkanie tozakres w Hiszpanii, kt\u00f3ry obejmuje handlowo-wystawowy i Kongres naukowiec. <\/p>\n<p><\/font><\/p>\n<p><font size=\"2\"> <strong>Barcelona, wrze\u015bnia 2012 r.-<\/strong> jednym z cel\u00f3w kolejna ods\u0142ona jest promowanie wymiany wiedzy poprzez w\u0142a\u015bnie jego Kongres naukowy. W tym celu utworzono Komitet pod przewodnictwem Dr Juan Rumeu Mil\u00e0, kt\u00f3ry zaliczek rozwoju i cel\u00f3w kolejna ods\u0142ona. <\/p>\n<p><strong>Pytanie: jak ustali\u0107 warto\u015b\u0107 Fira Barcelona zorganizowanie kolejnej edycji Mi\u0119dzynarodowego Forum stomatologiczne?<\/strong> <\/p>\n<p><\/font><font size=\"2\"> warto\u015b\u0107 bardzo pozytywnie i mamy struktury i profesjonalizm to wielkie Targi instytucji, kt\u00f3ra b\u0119dzie pomoc w konsolidacji na kongresie w naszym kraju, jak r\u00f3wnie\u017c da\u0107 impuls do jego internacjonalizacji przez jego rozleg\u0142ej sieci przedstawicielstw za granic\u0105, z reprezentacj\u0105 w 36 krajach. <\/p>\n<p>Tak\u017ce, mamy kolejny bardzo wa\u017cny atut, kt\u00f3ry jest miasto Barcelona, bardzo atrakcyjny dla specjalist\u00f3w naszego sektora dla jego turystyczne, kulturalne i kulinarne i kongresman\u00f3w. <\/p>\n<p><\/font><font size=\"2\"> <strong>jak my\u015blicie, \u017ce to wp\u0142ynie na kryzys w domy handlowe w handlu Poka\u017c udzia\u0142? <br \/><\/strong> <br \/>W tej chwili g\u0142\u00f3wne marki sektora potwierdzi\u0142y ich obecno\u015bci. Mamy to szcz\u0119\u015bcie by\u0107 w dziedzinie, kt\u00f3ra, cho\u0107 to nie obcy kryzys, to nie wp\u0142ywa na Ciebie szczeg\u00f3lnie. Przyk\u0142adem tego jest, \u017ce poziom sprzeda\u017cy w Europejskiej w 2011 registaron wzrost o 1,5%, zgodnie z europejskiej bran\u017cy stomatologicznej. <\/p>\n<p><\/font><font size=\"2\"> <strong>co kwestie zostan\u0105 om\u00f3wione w Kongresie? <br \/><\/strong> <br \/>Konferencja b\u0119dzie zorganizowane wok\u00f3\u0142 trzech temat\u00f3w przekrojowe stosowane do stomatologii. B\u0119dzie blok w systemach CAD\/CAM, kt\u00f3ry uznawa\u0107 ty wobec wzi\u0105\u0107 za pomoc\u0105 komputera za pomoc\u0105 skanera. Drugiej osi b\u0119dzie Magnificacion, kt\u00f3ry sk\u0142ada si\u0119 z wi\u0119cej wizji pola i dzia\u0142a pod mikroskopem przy u\u017cyciu lupy. Wreszcie, trzeci blok b\u0119dzie koncentrowa\u0107 si\u0119 na wprowadzonych przez navegaci\u00f3n, tj, m\u00f3wi\u0107 o tym, programy komputerowe, kt\u00f3re u\u0142atwiaj\u0105 instalacj\u0119n de implantes en la boca.<\/p>\n<p><img loading=\"lazy\" decoding=\"async\" title=\"\" height=\"0\" alt=\"\" src=\"http:\/\/best-dentist-dentistry.com\/best-dentist-images\/interview-with-juan-rumeu-president-of-the-scientific-committee-of-the-international-dental-forum.JPG\" width=\"0\" align=\"baseline\" border=\"0\"\/><br \/><\/font><\/p>\n<p align=\"center\"><font   size=\"2\"><img loading=\"lazy\" decoding=\"async\" title=\"\" height=\"116\" alt=\"\" src=\"http:\/\/best-dentist-dentistry.com\/best-dentist-images\/interview-with-juan-rumeu-president-of-the-scientific-committee-of-the-international-dental-forum.JPG\" width=\"195\" align=\"baseline\" border=\"0\"\/><\/font><\/p>\n<p><font   size=\"2\">El congreso tendr&aacute;, asimismo, un tema estrella que desarrollar&aacute; la Sociedad Espa&ntilde;ola de Periodoncia y Osteointegraci&oacute;n, SEPA: la peri-implantitis. Jak r\u00f3wnie\u017c z\u0119by mog\u0105 cierpie\u0107 z przyz\u0119bia, \u017ce implanty mo\u017cna r\u00f3wnie\u017c mo\u017ce zosta\u0107 zaatakowany przez bakterie i prowadzi\u0107 do utraty wspieranie ko\u015bci, zmiana nazwy w tym przypadku periimplantitis. W ostatnich latach wiele post\u0119p w zrozumieniu przyczyn, kt\u00f3re produkuj\u0105 go i jego leczenia. Tematy, kt\u00f3re s\u0105 aktualne i kt\u00f3re zostan\u0105 om\u00f3wione w Kongresie. <\/p>\n<p>Z drugiej strony b\u0119dzie rozwija\u0107 sesje maj\u0105ce na celu higienistki stomatologiczne i protetyczne i logoped\u00f3w, kilka zawod\u00f3w, kt\u00f3re, Wielka i skoordynowane, tworz\u0105c zesp\u00f3\u0142 dentystycznych. Ostatecznie, b\u0119dzie to bardzo obszerny program naukowy, kt\u00f3ry obejmie wsp\u00f3lnej znany jako &#8220;Europejskiego Forum stomatologiczne&#8221; parasol. <\/p>\n<p><\/font><font size=\"2\"> <strong>jak wielu uczestnik\u00f3w oczekuje si\u0119 do udzia\u0142u w Kongresie? <br \/><\/strong> <br \/>Jest jeszcze wcze\u015bnie, aby u\u015bwiadomi\u0107 sobie, ale mamy nadziej\u0119, \u017ce osi\u0105gn\u0105\u0107 warto\u015b\u0107 3000 specjalist\u00f3w z r\u00f3\u017cnych kraj\u00f3w i spo\u0142ecze\u0144stw, jak wiecie lub hiszpa\u0144skiego spo\u0142ecze\u0144stwa z ortodoncji (SEDO), w\u015br\u00f3d wielu innych. <\/p>\n<p><\/font><font size=\"2\"> <strong>dlaczego musia\u0142 uczestniczy\u0107 FDM specjalist\u00f3w w dziedzinie dentystycznych? <br \/><\/strong> <br \/>Przede wszystkim wiedzie\u0107, najnowsze wiadomo\u015bci i gor\u0105ce tematy sektora woli by\u0107 r\u00f3wnie\u017c traktowane wi\u0119cej temat\u00f3w wska\u017aniki do leczenia zdrowia jamy ustnej.n b\u0119dzie wspiera\u0107 nauk\u0119 i interacci\u00f3n w\u015br\u00f3d specjalist\u00f3w r\u00f3\u017cnych PaiSES, za pomoc\u0105 narz\u0119dzi, takich jak &#8220;Meczu Business&#8221;, kt\u00f3ry u\u0142atwia tworzenie kontakt\u00f3w i spotka\u0144 r\u00f3wnie\u017c.n b\u0119dzie &#8220;Obszar innowacji&#8221; i &#8220;Speaker Corner&#8221;, gdzie wystawcy mog\u0105 zaprezentowa\u0107 swoje produkty i innowacje w p\u00f3\u0142 godziny sesji.<\/p>\n<p><\/font><\/p>\n<p align=\"center\"><font   size=\"2\"><img loading=\"lazy\" decoding=\"async\" title=\"\" height=\"140\" alt=\"\" src=\"http:\/\/best-dentist-dentistry.com\/best-dentist-images\/interview-with-juan-rumeu-president-of-the-scientific-committee-of-the-international-dental-forum.JPG\" width=\"251\" align=\"baseline\" border=\"0\"\/><\/font><\/p>\n<p><font size=\"2\"><\/p>\n<p><\/font><\/p>\n","protected":false},"excerpt":{"rendered":"<p>Wywiad z Juan Rumeu, przewodnicz\u0105cy Komisji NaukoweFico Forum stomatologiczne int. -Mi\u0119dzynarodowe Forum stomatologiczne, FDM, kt\u00f3ry odb\u0119dzie si\u0119 od 11 do 13 kwietnia 2013 r. w siedzibie Gran Via Barcelona jest tylko spotkanie tozakres w Hiszpanii, kt\u00f3ry obejmuje handlowo-wystawowy i Kongres naukowiec. Barcelona, wrze\u015bnia 2012 r.- jednym z cel\u00f3w kolejna ods\u0142ona jest promowanie wymiany wiedzy poprzez [&hellip;]<\/p>\n","protected":false},"author":1,"featured_media":0,"comment_status":"open","ping_status":"open","sticky":false,"template":"","format":"standard","meta":{"footnotes":""},"categories":[1],"tags":[35152],"class_list":["post-24101","post","type-post","status-publish","format-standard","hentry","category-zahnmedizin-news","tag-przewodniczcym","et-doesnt-have-format-content","et_post_format-et-post-format-standard"],"_links":{"self":[{"href":"https:\/\/www.best-dentist-dentistry.com\/de\/wp-json\/wp\/v2\/posts\/24101","targetHints":{"allow":["GET"]}}],"collection":[{"href":"https:\/\/www.best-dentist-dentistry.com\/de\/wp-json\/wp\/v2\/posts"}],"about":[{"href":"https:\/\/www.best-dentist-dentistry.com\/de\/wp-json\/wp\/v2\/types\/post"}],"author":[{"embeddable":true,"href":"https:\/\/www.best-dentist-dentistry.com\/de\/wp-json\/wp\/v2\/users\/1"}],"replies":[{"embeddable":true,"href":"https:\/\/www.best-dentist-dentistry.com\/de\/wp-json\/wp\/v2\/comments?post=24101"}],"version-history":[{"count":0,"href":"https:\/\/www.best-dentist-dentistry.com\/de\/wp-json\/wp\/v2\/posts\/24101\/revisions"}],"wp:attachment":[{"href":"https:\/\/www.best-dentist-dentistry.com\/de\/wp-json\/wp\/v2\/media?parent=24101"}],"wp:term":[{"taxonomy":"category","embeddable":true,"href":"https:\/\/www.best-dentist-dentistry.com\/de\/wp-json\/wp\/v2\/categories?post=24101"},{"taxonomy":"post_tag","embeddable":true,"href":"https:\/\/www.best-dentist-dentistry.com\/de\/wp-json\/wp\/v2\/tags?post=24101"}],"curies":[{"name":"wp","href":"https:\/\/api.w.org\/{rel}","templated":true}]}}